{"id":67218,"date":"2024-04-11T14:31:00","date_gmt":"2024-04-11T19:31:00","guid":{"rendered":"http:\/\/www.zonaroja.com.mx\/?p=67218"},"modified":"2024-04-11T09:33:04","modified_gmt":"2024-04-11T14:33:04","slug":"opinion-continuidad-si-continuismo-no","status":"publish","type":"post","link":"https:\/\/zonaroja.com.mx\/?p=67218","title":{"rendered":"Opini\u00f3n. Continuidad\u00a0s\u00ed;\u00a0continuismo no"},"content":{"rendered":"\n<p>N\u00e9stor Y. S\u00e1nchez Islas<\/p>\n\n\n\n<p>Hay debate presidencial. Su importancia y trascendencia no necesita recordatorio a\u00fan para quienes afirman no interesarse por la pol\u00edtica. Es cierto que los partidos y sus candidatos dejan mucho que desear, pero la gente ap\u00e1tica es peor.<\/p>\n\n\n\n<p>Hablemos de un tema m\u00e1s cercano, tambi\u00e9n pol\u00edtico. En las pr\u00f3ximas elecciones votaremos por presidentes municipales y&nbsp;el&nbsp;asunto&nbsp;tiene enorme importancia porque es la instancia de gobierno con la interactuamos de manera cotidiana.<\/p>\n\n\n\n<p>Se postula para la reelecci\u00f3n&nbsp;el contador&nbsp;Francisco Mart\u00ednez Neri por el partido oficial. Por otros partidos aparecen el Dr. Mart\u00edn V\u00e1squez Villanueva, el Arq. Jaime Larraz\u00e1bal y un joven de apellido Puga&nbsp;para el municipio de Oaxaca de Ju\u00e1rez.&nbsp;En esta elecci\u00f3n debemos definirnos ante una disyuntiva: continuidad o continuismo.<\/p>\n\n\n\n<p>Por cuanto a continuidad se entiende el que conservemos un modelo democr\u00e1tico como sistema pol\u00edtico, que a una administraci\u00f3n la suceda otra electa de manera popular y que conserve, procure, modifique o cree las instituciones necesarias para evitar los caudillismos populistas.<\/p>\n\n\n\n<p>Por su parte el continuismo puede resumirse en \u201cm\u00e1s de lo mismo\u201d. \u00bfEso queremos para nuestra capital o es necesario&nbsp;darles&nbsp;una oportunidad a otros&nbsp;proyectos?<\/p>\n\n\n\n<p>El continuismo es un ba\u00fal cargado de vicios y aplica tanto en las elecciones municipales como las federales de este a\u00f1o y, al momento de que hagamos una valoraci\u00f3n antes de votar, debemos tomar en cuenta que no solo&nbsp;elegimos a&nbsp;la cabeza del equipo sino&nbsp;al equipo mismo que acompa\u00f1ar\u00e1&nbsp;al candidato.&nbsp;Y&nbsp;ah\u00ed est\u00e1 el detalle&nbsp;porque en esos equipos vienen toda clase de pillos.<\/p>\n\n\n\n<p>El continuismo conlleva una serie de riesgos negativos que hay que considerar, como lo es el estancamiento de las ideas y cuya consecuencia es, precisamente, provocar una apat\u00eda entre la gente para que se les deje hacer lo que quieran. Volver a tener el mismo liderazgo que no cumpli\u00f3 las expectativas ofrecidas puede resultar castrante para mucha gente que ha quedado decepcionada de sus autoridades municipales.<\/p>\n\n\n\n<p>\u00bfQu\u00e9 va a pasar con las denuncias de corrupci\u00f3n? Esa es otra de las consecuencias del continuismo porque es absolutamente improbable que ellos mismos est\u00e9n dispuestos a investigarse y sancionarse.&nbsp;La&nbsp;tolerancia desmedida por el ambulantaje y la econom\u00eda informal es tambi\u00e9n corrupci\u00f3n alimentada por el clientelismo electoral.&nbsp;El ambulantaje no solo polariza las&nbsp;calles,sino que fomenta un c\u00e1ncer econ\u00f3mico que pagamos los que si contribuimos: la evasi\u00f3n fiscal.<\/p>\n\n\n\n<p>La rendici\u00f3n de cuentas es otro de los efectos negativos del continuismo. Ellos mismos revisar\u00e1n sus propias cuentas y de antemano sabemos que&nbsp;no habr\u00e1 castigo para nadie dentro del equipo. Hasta el momento, nadie del&nbsp;gabinete&nbsp;de Oswaldo Garc\u00eda Jarqu\u00edn ha sido castigado ni tampoco se sabe de&nbsp;sanci\u00f3n alguna&nbsp;por&nbsp;la venta&nbsp;ilegal&nbsp;de los autos del corral\u00f3n,&nbsp;mucho menos decastigar los&nbsp;actos cotidianos de&nbsp;sus oficinas paraentorpecer tr\u00e1mites&nbsp;y&nbsp;obligarnos a ofrecer \u201cmochadas\u201d a cambio de que avancen.<\/p>\n\n\n\n<p>Quienes hoy&nbsp;est\u00e1n en&nbsp;el poder&nbsp;son quienes nos&nbsp;sometieron&nbsp;y agraviaron&nbsp;durante&nbsp;la asonada sindical de 2006. El contador Neri era Rector de la UABJO cuando se dej\u00f3 Radio UABJO en manos de la \u201cdoctora escopeta\u201d&nbsp;y los&nbsp;grupos que invitaban a la&nbsp;sedici\u00f3n y, adem\u00e1s,&nbsp;convirti\u00f3 a CU en un refugio para los v\u00e1ndalos que incendiaron la ciudad. Resulta&nbsp;infantil&nbsp;pensar que quienes no tuvieron empacho en martirizar la ciudad ahora se postulen para&nbsp;sacarla adelante.<\/p>\n\n\n\n<p>Los problemas no resueltos de la basura, la inseguridad, el ambulantaje pesan demasiado sobre la imagen de este Ayuntamiento. Necesita presentar propuestas concretas, resolver problemas y dejar de lado la soberbia con la que algunos de sus funcionarios se comportan. Si ellos desean seguir por tres a\u00f1os m\u00e1s deber\u00e1n demostrar que si pueden con el encargo o mejor hacerse a un lado y dejar a otros que est\u00e9n mejor capacitados.<\/p>\n\n\n\n<p>El continuismo pol\u00edtico conlleva una serie de riesgos&nbsp;que no debemos&nbsp;dejar pasar&nbsp;por el&nbsp;peligro&nbsp;de&nbsp;terminar en una dictadura.&nbsp;Es un caldo de cultivo para&nbsp;la corrupci\u00f3n y el clientelismo,&nbsp;provoca&nbsp;descontento social y&nbsp;podr\u00eda estancar la econom\u00eda.&nbsp;En lugar de debilitarlas necesitamos instituciones y&nbsp;mecanismos de control y rendici\u00f3n de cuentas efectivos para prevenir los efectos&nbsp;perversos&nbsp;del continuismo.<\/p>\n\n\n\n<p>Necesitamos continuidad s\u00ed para un modelo democr\u00e1tico e institucional; continuismo no para un populismo irresponsable.<\/p>\n\n\n\n<p>PUERTO ESCONDIDO.<\/p>\n\n\n\n<p>La marabunta que les cay\u00f3&nbsp;en Puerto Escondido con la nueva carretera era&nbsp;previsible.&nbsp;Ahora viene el crecimiento desmedido y an\u00e1rquico&nbsp;de la ciudad&nbsp;adem\u00e1s&nbsp;los&nbsp;grandes&nbsp;negocios inmobiliarios&nbsp;en&nbsp;puerta.El destino de la costa oaxaque\u00f1a ha cambiado&nbsp;para siempre y desde la prensa nacional ya lo consideran el nuevo Acapulco,&nbsp;no porque las familias vayan hasta con&nbsp;la mascota&nbsp;sino porque&nbsp;corre el&nbsp;mismo&nbsp;riesgo de atraer tambi\u00e9n al crimen&nbsp;y la corrupci\u00f3n&nbsp;en todas sus&nbsp;modalidades.<\/p>\n\n\n\n<p>nestoryuri@yahoo.com<\/p>\n","protected":false},"excerpt":{"rendered":"<p>N\u00e9stor Y. S\u00e1nchez Islas Hay debate presidencial. Su importancia y trascendencia no necesita recordatorio a\u00fan&hellip;<\/p>\n","protected":false},"author":2,"featured_media":41861,"comment_status":"closed","ping_status":"open","sticky":false,"template":"","format":"standard","meta":{"_lmt_disableupdate":"","_lmt_disable":"","_jetpack_memberships_contains_paid_content":false,"footnotes":""},"categories":[456,109],"tags":[3050],"class_list":["post-67218","post","type-post","status-publish","format-standard","has-post-thumbnail","hentry","category-columna","category-minuto-a-minuto","tag-nestor-yuri-sanchez"],"jetpack_featured_media_url":"https:\/\/zonaroja.com.mx\/wp-content\/uploads\/2022\/05\/Opinion-Nestor-Yuri-Sanchez-Islas.jpg","jetpack_sharing_enabled":true,"_links":{"self":[{"href":"https:\/\/zonaroja.com.mx\/index.php?rest_route=\/wp\/v2\/posts\/67218","targetHints":{"allow":["GET"]}}],"collection":[{"href":"https:\/\/zonaroja.com.mx\/index.php?rest_route=\/wp\/v2\/posts"}],"about":[{"href":"https:\/\/zonaroja.com.mx\/index.php?rest_route=\/wp\/v2\/types\/post"}],"author":[{"embeddable":true,"href":"https:\/\/zonaroja.com.mx\/index.php?rest_route=\/wp\/v2\/users\/2"}],"replies":[{"embeddable":true,"href":"https:\/\/zonaroja.com.mx\/index.php?rest_route=%2Fwp%2Fv2%2Fcomments&post=67218"}],"version-history":[{"count":1,"href":"https:\/\/zonaroja.com.mx\/index.php?rest_route=\/wp\/v2\/posts\/67218\/revisions"}],"predecessor-version":[{"id":67219,"href":"https:\/\/zonaroja.com.mx\/index.php?rest_route=\/wp\/v2\/posts\/67218\/revisions\/67219"}],"wp:featuredmedia":[{"embeddable":true,"href":"https:\/\/zonaroja.com.mx\/index.php?rest_route=\/wp\/v2\/media\/41861"}],"wp:attachment":[{"href":"https:\/\/zonaroja.com.mx\/index.php?rest_route=%2Fwp%2Fv2%2Fmedia&parent=67218"}],"wp:term":[{"taxonomy":"category","embeddable":true,"href":"https:\/\/zonaroja.com.mx\/index.php?rest_route=%2Fwp%2Fv2%2Fcategories&post=67218"},{"taxonomy":"post_tag","embeddable":true,"href":"https:\/\/zonaroja.com.mx\/index.php?rest_route=%2Fwp%2Fv2%2Ftags&post=67218"}],"curies":[{"name":"wp","href":"https:\/\/api.w.org\/{rel}","templated":true}]}}