{"id":67226,"date":"2024-04-11T22:13:11","date_gmt":"2024-04-12T03:13:11","guid":{"rendered":"http:\/\/www.zonaroja.com.mx\/?p=67226"},"modified":"2024-04-11T22:13:13","modified_gmt":"2024-04-12T03:13:13","slug":"matan-a-balazos-a-dos-jovenes-en-comunidad-costena-de-oaxaca","status":"publish","type":"post","link":"https:\/\/zonaroja.com.mx\/?p=67226","title":{"rendered":"Matan a balazos a dos j\u00f3venes en comunidad coste\u00f1a de Oaxaca"},"content":{"rendered":"\n<p>Raymundo Morales\/Zona Roja.<\/p>\n\n\n\n<p>Oaxaca de Ju\u00e1rez, Oax., a 11 de abril de 2024.- Dos j\u00f3venes fueron asesinados a balazos en los primeras horas de este jueves en una comunidad de la regi\u00f3n Costa de Oaxaca.<\/p>\n\n\n\n<p>El doble crimen ocurri\u00f3 en un domicilio de la localidad de San Jos\u00e9 R\u00edo Verde, perteneciente al municipio de Santiago Jamiltepec.<\/p>\n\n\n\n<p>Las v\u00edctimas fueron identificadas como los hermanos Cristian F. y Mauro F., quienes fueron ultimados por sujetos armados.<\/p>\n\n\n\n<p>Hasta el momento no hay inducciones de qui\u00e9nes fueron los responsables de los asesinatos y el caso ya es investigado por la Vicefiscal\u00eda Regional de la Costa.<\/p>\n\n\n\n<p>Por otra parte, apenas el pasado martes, otro joven fue ultimado a balazos, en el municipio de San Juan Cacahuatepec, tambi\u00e9n en la regi\u00f3n Costa del estado.<\/p>\n\n\n\n<p>El hoy occiso respondi\u00f3 en vida al nombre de Edwin S. D., quien transitaba a bordo de su motocicleta cuando fue acribillado.<\/p>\n\n\n\n<p>Fue trasladado a un hospital de Santiago Pinotepa Nacional, pero debido a la gravedad de las lesiones, muri\u00f3 posteriormente.<\/p>\n","protected":false},"excerpt":{"rendered":"<p>Raymundo Morales\/Zona Roja. Oaxaca de Ju\u00e1rez, Oax., a 11 de abril de 2024.- Dos j\u00f3venes&hellip;<\/p>\n","protected":false},"author":2,"featured_media":38093,"comment_status":"closed","ping_status":"open","sticky":false,"template":"","format":"standard","meta":{"_lmt_disableupdate":"","_lmt_disable":"","_jetpack_memberships_contains_paid_content":false,"footnotes":""},"categories":[109,51],"tags":[797],"class_list":["post-67226","post","type-post","status-publish","format-standard","has-post-thumbnail","hentry","category-minuto-a-minuto","category-zona-roja","tag-santiago-jamiltepec"],"jetpack_featured_media_url":"https:\/\/zonaroja.com.mx\/wp-content\/uploads\/2022\/02\/Policia-escena-seguridad-violencia-crimen.jpg","jetpack_sharing_enabled":true,"_links":{"self":[{"href":"https:\/\/zonaroja.com.mx\/index.php?rest_route=\/wp\/v2\/posts\/67226","targetHints":{"allow":["GET"]}}],"collection":[{"href":"https:\/\/zonaroja.com.mx\/index.php?rest_route=\/wp\/v2\/posts"}],"about":[{"href":"https:\/\/zonaroja.com.mx\/index.php?rest_route=\/wp\/v2\/types\/post"}],"author":[{"embeddable":true,"href":"https:\/\/zonaroja.com.mx\/index.php?rest_route=\/wp\/v2\/users\/2"}],"replies":[{"embeddable":true,"href":"https:\/\/zonaroja.com.mx\/index.php?rest_route=%2Fwp%2Fv2%2Fcomments&post=67226"}],"version-history":[{"count":1,"href":"https:\/\/zonaroja.com.mx\/index.php?rest_route=\/wp\/v2\/posts\/67226\/revisions"}],"predecessor-version":[{"id":67227,"href":"https:\/\/zonaroja.com.mx\/index.php?rest_route=\/wp\/v2\/posts\/67226\/revisions\/67227"}],"wp:featuredmedia":[{"embeddable":true,"href":"https:\/\/zonaroja.com.mx\/index.php?rest_route=\/wp\/v2\/media\/38093"}],"wp:attachment":[{"href":"https:\/\/zonaroja.com.mx\/index.php?rest_route=%2Fwp%2Fv2%2Fmedia&parent=67226"}],"wp:term":[{"taxonomy":"category","embeddable":true,"href":"https:\/\/zonaroja.com.mx\/index.php?rest_route=%2Fwp%2Fv2%2Fcategories&post=67226"},{"taxonomy":"post_tag","embeddable":true,"href":"https:\/\/zonaroja.com.mx\/index.php?rest_route=%2Fwp%2Fv2%2Ftags&post=67226"}],"curies":[{"name":"wp","href":"https:\/\/api.w.org\/{rel}","templated":true}]}}