{"id":67234,"date":"2024-04-12T07:52:59","date_gmt":"2024-04-12T12:52:59","guid":{"rendered":"http:\/\/www.zonaroja.com.mx\/?p=67234"},"modified":"2024-04-12T07:53:00","modified_gmt":"2024-04-12T12:53:00","slug":"incrementa-inseguridad-en-cuilapam-oaxaca-matan-a-otra-persona","status":"publish","type":"post","link":"https:\/\/zonaroja.com.mx\/?p=67234","title":{"rendered":"Incrementa inseguridad en Cuil\u00e1pam, Oaxaca: matan a otra persona"},"content":{"rendered":"\n<p>Ismael Garc\u00eda M.\/Zona Roja.<\/p>\n\n\n\n<p>Oaxaca de Ju\u00e1rez, Oax., a 12 de abril de 2024.- En menos de una semana, una segunda persona fue asesinada a balazos en Cuil\u00e1pam de Guerrero, municipio conurbado a la ciudad de Oaxaca.<\/p>\n\n\n\n<p>Anoche, cerca de las 21:00 horas, sujetos armados dispararon desde una camioneta en contra de una persona del sexo masculino, a\u00fan no identificada, en la carretera de Santa Cruz Xoxocotl\u00e1n a Cuil\u00e1pam, a la altura de la colonia Tepeyac de esta \u00faltima jurisdicci\u00f3n.<\/p>\n\n\n\n<p>El hombre, de aproximadamente 28 a\u00f1os de edad, cay\u00f3 sobre el pavimento de la cinta asf\u00e1ltica tras lo cual arribaron sus familiares, quienes exigieron justicia por este crimen.<\/p>\n\n\n\n<p>Presuntamente hab\u00eda descendido de un autob\u00fas de pasajeros y fue agredido a balazos cuando cruzaba la carretera; los atacantes habr\u00edan huido en una camioneta de color blanco.<\/p>\n\n\n\n<p>Personal de la Fiscal\u00eda General del Estado de Oaxaca arrib\u00f3 en la zona para iniciar las indagatorias correspondientes.<\/p>\n\n\n\n<p>Apenas el pasado domingo, un ex regidor de Xoxocotl\u00e1n, Alberto Manuel \u201cN\u201d, fue asesinado a balazos tambi\u00e9n en jurisdicci\u00f3n de Cuil\u00e1pam, cuando llegaba a un establecimiento de alimentos.<\/p>\n\n\n\n<p>El presidente municipal actual es Javier Moreno Colmenares, surgido del Partido Movimiento Ciudadano, quien pretende heredar el cargo a un familiar. Ha recibido m\u00faltiples reclamos tambi\u00e9n por la nula obra p\u00fablica.<\/p>\n\n\n\n<p>El a\u00f1o pasado el Tribunal Electoral del Estado de Oaxaca le acredit\u00f3 violencia pol\u00edtica por raz\u00f3n de g\u00e9nero, bajo el expediente PES\/88\/2022, en contra de una regidora.<\/p>\n","protected":false},"excerpt":{"rendered":"<p>Ismael Garc\u00eda M.\/Zona Roja. Oaxaca de Ju\u00e1rez, Oax., a 12 de abril de 2024.- En&hellip;<\/p>\n","protected":false},"author":2,"featured_media":54456,"comment_status":"closed","ping_status":"open","sticky":false,"template":"","format":"standard","meta":{"_lmt_disableupdate":"","_lmt_disable":"","_jetpack_memberships_contains_paid_content":false,"footnotes":""},"categories":[109,51],"tags":[1719],"class_list":["post-67234","post","type-post","status-publish","format-standard","has-post-thumbnail","hentry","category-minuto-a-minuto","category-zona-roja","tag-cuilapam-de-guerrero"],"jetpack_featured_media_url":"https:\/\/zonaroja.com.mx\/wp-content\/uploads\/2023\/04\/Escena-crimen-homicidio-violencia-asesinato.webp","jetpack_sharing_enabled":true,"_links":{"self":[{"href":"https:\/\/zonaroja.com.mx\/index.php?rest_route=\/wp\/v2\/posts\/67234","targetHints":{"allow":["GET"]}}],"collection":[{"href":"https:\/\/zonaroja.com.mx\/index.php?rest_route=\/wp\/v2\/posts"}],"about":[{"href":"https:\/\/zonaroja.com.mx\/index.php?rest_route=\/wp\/v2\/types\/post"}],"author":[{"embeddable":true,"href":"https:\/\/zonaroja.com.mx\/index.php?rest_route=\/wp\/v2\/users\/2"}],"replies":[{"embeddable":true,"href":"https:\/\/zonaroja.com.mx\/index.php?rest_route=%2Fwp%2Fv2%2Fcomments&post=67234"}],"version-history":[{"count":1,"href":"https:\/\/zonaroja.com.mx\/index.php?rest_route=\/wp\/v2\/posts\/67234\/revisions"}],"predecessor-version":[{"id":67235,"href":"https:\/\/zonaroja.com.mx\/index.php?rest_route=\/wp\/v2\/posts\/67234\/revisions\/67235"}],"wp:featuredmedia":[{"embeddable":true,"href":"https:\/\/zonaroja.com.mx\/index.php?rest_route=\/wp\/v2\/media\/54456"}],"wp:attachment":[{"href":"https:\/\/zonaroja.com.mx\/index.php?rest_route=%2Fwp%2Fv2%2Fmedia&parent=67234"}],"wp:term":[{"taxonomy":"category","embeddable":true,"href":"https:\/\/zonaroja.com.mx\/index.php?rest_route=%2Fwp%2Fv2%2Fcategories&post=67234"},{"taxonomy":"post_tag","embeddable":true,"href":"https:\/\/zonaroja.com.mx\/index.php?rest_route=%2Fwp%2Fv2%2Ftags&post=67234"}],"curies":[{"name":"wp","href":"https:\/\/api.w.org\/{rel}","templated":true}]}}