{"id":6724,"date":"2019-12-16T21:07:54","date_gmt":"2019-12-17T03:07:54","guid":{"rendered":"http:\/\/www.zonaroja.com.mx\/?p=6724"},"modified":"2019-12-16T21:07:59","modified_gmt":"2019-12-17T03:07:59","slug":"gobierno-de-oaxaca-anuncia-que-repondra-instrumentos-robados-en-ayutla","status":"publish","type":"post","link":"https:\/\/zonaroja.com.mx\/?p=6724","title":{"rendered":"Gobierno de Oaxaca anuncia que repondr\u00e1 instrumentos robados en Ayutla"},"content":{"rendered":"\n<p>Redacci\u00f3n\/Zona Roja.<\/p>\n\n\n\n<p>Oaxaca de Ju\u00e1rez, Oax., 16 de diciembre\nde 2019.- El gobierno de Oaxaca anunci\u00f3 que repondr\u00e1 todos los instrumentos que\nfueron robados a la banda musical de San Pedro y San Pablo Ayutla Mixe.<\/p>\n\n\n\n<p>A trav\u00e9s de un video en redes sociales,\nel mandatario Alejandro Murat Hinojosa anunci\u00f3 que mediante la Secretar\u00eda de\nlas Culturas y Artes de Oaxaca (Seculta) ha iniciado las gestiones\nadministrativas para la adquisici\u00f3n respectiva.<\/p>\n\n\n\n<p>\u201cLo anterior, derivado del robo de sus instrumentos de los que fueron objeto las y los integrantes de esta agrupaci\u00f3n, por lo que el gobierno de Oaxaca lamenta y condena los hechos\u201d, detall\u00f3 a su vez la administraci\u00f3n estatal en un comunicado.<\/p>\n\n\n\n<figure class=\"wp-block-embed-twitter wp-block-embed is-type-rich is-provider-twitter\"><div class=\"wp-block-embed__wrapper\">\n<div class=\"twitter-tweet\"><blockquote class=\"twitter-tweet\" data-lang=\"es\"><p lang=\"es\" dir=\"ltr\">Tomamos acciones ante el robo de instrumentos de la banda infantil y juvenil de San Pedro y San Pablo Ayutla; como primera acci\u00f3n, solicito a la <a href=\"https:\/\/twitter.com\/SECULTA_GobOax?ref_src=twsrc%5Etfw\">@SECULTA_GobOax<\/a> reponer sus materiales, as\u00ed como tambi\u00e9n a la <a href=\"https:\/\/twitter.com\/FISCALIA_GobOax?ref_src=twsrc%5Etfw\">@FISCALIA_GobOax<\/a> sancionar y detener a los culpables. <a href=\"https:\/\/t.co\/jCdzaAYYfu\">pic.twitter.com\/jCdzaAYYfu<\/a><\/p>&mdash; Alejandro Murat (@alejandromurat) <a href=\"https:\/\/twitter.com\/alejandromurat\/status\/1206727990622773248?ref_src=twsrc%5Etfw\">17 de diciembre de 2019<\/a><\/blockquote><\/div>\n<\/div><\/figure>\n\n\n\n<p>Indic\u00f3 que asimismo, el gobernador ha\nsolicitado a la Fiscal\u00eda General del Estado de Oaxaca&nbsp; (FGEO) una investigaci\u00f3n a fondo para dar con\nlos responsables de tan lamentable hecho y sean sancionados conforme a las\nleyes.<\/p>\n\n\n\n<p>\u201cEl Gobierno del Estado reitera el\ncompromiso con la ni\u00f1ez y juventud de la entidad, a fin de seguir preservando\nla cultura y tradiciones que caracteriza a cada uno de los pueblos, es por ello\nque la reposici\u00f3n de los instrumentos se har\u00e1 a fin de que las y los ni\u00f1os\npuedan continuar con su aprovechamiento musical y educativo\u201d, expuso.<\/p>\n\n\n\n<p>Pobladores y activistas denunciaron que\ndesconocidos robaron el pasado 13 de diciembre al menos 35 instrumentos\nmusicales en el inmueble donde se resguardaban.<\/p>\n","protected":false},"excerpt":{"rendered":"<p>Redacci\u00f3n\/Zona Roja. Oaxaca de Ju\u00e1rez, Oax., 16 de diciembre de 2019.- El gobierno de Oaxaca&hellip;<\/p>\n","protected":false},"author":2,"featured_media":6725,"comment_status":"closed","ping_status":"open","sticky":false,"template":"","format":"standard","meta":{"_lmt_disableupdate":"","_lmt_disable":"","_jetpack_memberships_contains_paid_content":false,"footnotes":""},"categories":[109,47],"tags":[501],"class_list":["post-6724","post","type-post","status-publish","format-standard","has-post-thumbnail","hentry","category-minuto-a-minuto","category-zona-gris","tag-san-pedro-y-san-pablo-ayutla-mixe"],"jetpack_featured_media_url":"https:\/\/zonaroja.com.mx\/wp-content\/uploads\/2019\/12\/Ayutla-Mixe-instrumentos-1.jpg","jetpack_sharing_enabled":true,"_links":{"self":[{"href":"https:\/\/zonaroja.com.mx\/index.php?rest_route=\/wp\/v2\/posts\/6724","targetHints":{"allow":["GET"]}}],"collection":[{"href":"https:\/\/zonaroja.com.mx\/index.php?rest_route=\/wp\/v2\/posts"}],"about":[{"href":"https:\/\/zonaroja.com.mx\/index.php?rest_route=\/wp\/v2\/types\/post"}],"author":[{"embeddable":true,"href":"https:\/\/zonaroja.com.mx\/index.php?rest_route=\/wp\/v2\/users\/2"}],"replies":[{"embeddable":true,"href":"https:\/\/zonaroja.com.mx\/index.php?rest_route=%2Fwp%2Fv2%2Fcomments&post=6724"}],"version-history":[{"count":1,"href":"https:\/\/zonaroja.com.mx\/index.php?rest_route=\/wp\/v2\/posts\/6724\/revisions"}],"predecessor-version":[{"id":6726,"href":"https:\/\/zonaroja.com.mx\/index.php?rest_route=\/wp\/v2\/posts\/6724\/revisions\/6726"}],"wp:featuredmedia":[{"embeddable":true,"href":"https:\/\/zonaroja.com.mx\/index.php?rest_route=\/wp\/v2\/media\/6725"}],"wp:attachment":[{"href":"https:\/\/zonaroja.com.mx\/index.php?rest_route=%2Fwp%2Fv2%2Fmedia&parent=6724"}],"wp:term":[{"taxonomy":"category","embeddable":true,"href":"https:\/\/zonaroja.com.mx\/index.php?rest_route=%2Fwp%2Fv2%2Fcategories&post=6724"},{"taxonomy":"post_tag","embeddable":true,"href":"https:\/\/zonaroja.com.mx\/index.php?rest_route=%2Fwp%2Fv2%2Ftags&post=6724"}],"curies":[{"name":"wp","href":"https:\/\/api.w.org\/{rel}","templated":true}]}}