{"id":67243,"date":"2024-04-12T11:30:00","date_gmt":"2024-04-12T16:30:00","guid":{"rendered":"http:\/\/www.zonaroja.com.mx\/?p=67243"},"modified":"2024-04-12T09:19:13","modified_gmt":"2024-04-12T14:19:13","slug":"se-usara-fuerza-publica-para-poner-orden-en-la-ciudad-ante-ambulantes-y-halcones-neri","status":"publish","type":"post","link":"https:\/\/zonaroja.com.mx\/?p=67243","title":{"rendered":"Se usar\u00e1 fuerza p\u00fablica para poner orden en la ciudad, ante ambulantes y \u201chalcones\u201d: Neri"},"content":{"rendered":"\n<p>Ismael Garc\u00eda M.\/Zona Roja.<\/p>\n\n\n\n<p>Oaxaca de Ju\u00e1rez, Oax., a 12 de abril de 2024.- Tras la revelaci\u00f3n de que los vendedores ambulantes son protegidos por \u201chalcones\u201d para ser prevenidos de los operativos en el centro de la ciudad de Oaxaca, el presidente municipal Francisco Mart\u00ednez Neri no descart\u00f3 el uso de la fuerza p\u00fablica.<\/p>\n\n\n\n<p>\u201cTenemos informaci\u00f3n, hemos actuado en ese espacio, sobre todo en Flores Mag\u00f3n, y hemos observado con mucha inquietud que hay personas que hacen ese tipo de funci\u00f3n, en el sentido de avisar a quienes ocupan esos espacios, acerca de la llegada de nuestros inspectores, y hemos tenido tambi\u00e9n algunos inspectores golpeados, entonces ya lo hemos hecho del conocimiento del gobierno\u201d, dijo.<\/p>\n\n\n\n<p>En entrevista colectiva luego de la sesi\u00f3n de Cabildo, consider\u00f3 que es necesario que prevalezca el Estado de Derecho y que nadie haga uso de la fuerza para impedir el libre ejercicio de sus funciones en el caso de los inspectores municipales.<\/p>\n\n\n\n<p>-\u00bfSe han identificado grupos, nombres, organizaciones?<\/p>\n\n\n\n<p>-Yo quisiera reservarme esa informaci\u00f3n.<\/p>\n\n\n\n<p>-\u00bfPero hay denuncias?<\/p>\n\n\n\n<p>-Estamos en la l\u00f3gica que en el \u00faltimo caso que hubo, de una persona golpeada, se haga la denuncia correspondiente, porque solamente de esa manera vamos a hacer que impere el orden.<\/p>\n\n\n\n<p>-Pero s\u00ed se tienen indicios de qui\u00e9nes son, qu\u00e9 grupos operan\u2026<\/p>\n\n\n\n<p>-S\u00ed, s\u00ed, desde luego, lo mantenemos un poco en reserva, porque son cuestiones que se necesitan probar.<\/p>\n\n\n\n<p>-\u00bfSon del estado?<\/p>\n\n\n\n<p>-S\u00ed, son del estado de Oaxaca, aunque no faltan tambi\u00e9n personas que vienen de otros, aunque no en este caso.<\/p>\n\n\n\n<p>Mart\u00ednez Neri acept\u00f3 que, de acuerdo con las declaraciones del secretario de Gobierno, Jes\u00fas Romero L\u00f3pez, se requiere un nuevo reordenamiento del ambulantaje para despejar en su totalidad a los comerciantes sin permiso.<\/p>\n\n\n\n<p>\u201cCreo que es necesario replantear este manejo de cosas, porque de pronto el z\u00f3calo, el Andador Tur\u00edstico, se convierten en zonas totalmente de comercio y llaman la atenci\u00f3n de la gente; s\u00ed necesitamos replantear y ese es un trabajo permanente\u201d.<\/p>\n\n\n\n<p>Descart\u00f3 que haya un n\u00famero preciso de vendedores ambulantes pero acept\u00f3 que \u00e9stos vienen de otras entidades, como Chiapas y Guerrero.<\/p>\n\n\n\n<p>Indic\u00f3 que hay un trabajo coordinado con el Gobierno del Estado en la relaci\u00f3n de las organizaciones sociales, como fue el caso del retiro de \u00e9stos del z\u00f3calo y que fueron instalados de manera provisional en otras \u00e1reas, como la calle Gurri\u00f3n y a un costado del jard\u00edn Antonia Labastida.<\/p>\n\n\n\n<p>-\u00bfEn alg\u00fan momento puede haber un operativo municipio, el estado, Guardia Nacional?<\/p>\n\n\n\n<p>-S\u00ed, s\u00ed, desde luego, porque las cuestiones estas pueden agravarse y puede haber necesidad de utilizar la fuerza p\u00fablica.<\/p>\n","protected":false},"excerpt":{"rendered":"<p>Ismael Garc\u00eda M.\/Zona Roja. Oaxaca de Ju\u00e1rez, Oax., a 12 de abril de 2024.- Tras&hellip;<\/p>\n","protected":false},"author":2,"featured_media":67230,"comment_status":"closed","ping_status":"open","sticky":false,"template":"","format":"standard","meta":{"_lmt_disableupdate":"","_lmt_disable":"","_jetpack_memberships_contains_paid_content":false,"footnotes":""},"categories":[109,46],"tags":[2418],"class_list":["post-67243","post","type-post","status-publish","format-standard","has-post-thumbnail","hentry","category-minuto-a-minuto","category-zona-blanca","tag-francisco-martinez-neri"],"jetpack_featured_media_url":"https:\/\/zonaroja.com.mx\/wp-content\/uploads\/2024\/04\/Francisco-Martinez-Neri.jpg","jetpack_sharing_enabled":true,"_links":{"self":[{"href":"https:\/\/zonaroja.com.mx\/index.php?rest_route=\/wp\/v2\/posts\/67243","targetHints":{"allow":["GET"]}}],"collection":[{"href":"https:\/\/zonaroja.com.mx\/index.php?rest_route=\/wp\/v2\/posts"}],"about":[{"href":"https:\/\/zonaroja.com.mx\/index.php?rest_route=\/wp\/v2\/types\/post"}],"author":[{"embeddable":true,"href":"https:\/\/zonaroja.com.mx\/index.php?rest_route=\/wp\/v2\/users\/2"}],"replies":[{"embeddable":true,"href":"https:\/\/zonaroja.com.mx\/index.php?rest_route=%2Fwp%2Fv2%2Fcomments&post=67243"}],"version-history":[{"count":1,"href":"https:\/\/zonaroja.com.mx\/index.php?rest_route=\/wp\/v2\/posts\/67243\/revisions"}],"predecessor-version":[{"id":67244,"href":"https:\/\/zonaroja.com.mx\/index.php?rest_route=\/wp\/v2\/posts\/67243\/revisions\/67244"}],"wp:featuredmedia":[{"embeddable":true,"href":"https:\/\/zonaroja.com.mx\/index.php?rest_route=\/wp\/v2\/media\/67230"}],"wp:attachment":[{"href":"https:\/\/zonaroja.com.mx\/index.php?rest_route=%2Fwp%2Fv2%2Fmedia&parent=67243"}],"wp:term":[{"taxonomy":"category","embeddable":true,"href":"https:\/\/zonaroja.com.mx\/index.php?rest_route=%2Fwp%2Fv2%2Fcategories&post=67243"},{"taxonomy":"post_tag","embeddable":true,"href":"https:\/\/zonaroja.com.mx\/index.php?rest_route=%2Fwp%2Fv2%2Ftags&post=67243"}],"curies":[{"name":"wp","href":"https:\/\/api.w.org\/{rel}","templated":true}]}}