{"id":67249,"date":"2024-04-12T14:28:00","date_gmt":"2024-04-12T19:28:00","guid":{"rendered":"http:\/\/www.zonaroja.com.mx\/?p=67249"},"modified":"2024-04-12T09:30:31","modified_gmt":"2024-04-12T14:30:31","slug":"congreso-de-oaxaca-se-suma-a-condena-por-irrupcion-en-embajada-de-mexico-en-ecuador","status":"publish","type":"post","link":"https:\/\/zonaroja.com.mx\/?p=67249","title":{"rendered":"Congreso de Oaxaca se suma a condena por irrupci\u00f3n en embajada de M\u00e9xico en Ecuador"},"content":{"rendered":"\n<p>Redacci\u00f3n\/Zona Roja.<\/p>\n\n\n\n<p>Oaxaca de Ju\u00e1rez, Oax., a 12 de abril de 2024.- La 65 Legislatura del Congreso de Oaxaca conden\u00f3 en\u00e9rgicamente la irrupci\u00f3n violenta a la embajada de M\u00e9xico en Quito, Ecuador, por parte de los cuerpos de seguridad ecuatorianos, as\u00ed como las agresiones f\u00edsicas contra el personal mexicano.<\/p>\n\n\n\n<p>En sesi\u00f3n ordinaria del pasado mi\u00e9rcoles, las diputadas y los diputados respaldaron la proposici\u00f3n con punto de acuerdo presentada por las y los integrantes de la Junta de Coordinaci\u00f3n Pol\u00edtica (Jucopo).<\/p>\n\n\n\n<p>Las y los congresistas se\u00f1alaron que los hechos violentos ocurridos el 5 de abril en Quito, Ecuador, constituyen \u00abuna flagrante violaci\u00f3n a las normas internacionales que regula la Convenci\u00f3n de Viena sobre relaciones diplom\u00e1ticas\u00bb.<\/p>\n\n\n\n<p>Por tanto, la 65 Legislatura local respald\u00f3 la decisi\u00f3n del presidente de la Rep\u00fablica, Andr\u00e9s Manuel L\u00f3pez Obrador, respecto del rompimiento de las relaciones diplom\u00e1ticas con la Rep\u00fablica de Ecuador, as\u00ed como la determinaci\u00f3n de recurrir a la Corte Internacional de Justicia, para denunciar la transgresi\u00f3n al principio de extraterritorialidad y a la protecci\u00f3n de la misi\u00f3n diplom\u00e1tica mexicana en Quito, Ecuador.<\/p>\n","protected":false},"excerpt":{"rendered":"<p>Redacci\u00f3n\/Zona Roja. Oaxaca de Ju\u00e1rez, Oax., a 12 de abril de 2024.- La 65 Legislatura&hellip;<\/p>\n","protected":false},"author":2,"featured_media":67231,"comment_status":"closed","ping_status":"open","sticky":false,"template":"","format":"standard","meta":{"_lmt_disableupdate":"","_lmt_disable":"","_jetpack_memberships_contains_paid_content":false,"footnotes":""},"categories":[109,46],"tags":[2743],"class_list":["post-67249","post","type-post","status-publish","format-standard","has-post-thumbnail","hentry","category-minuto-a-minuto","category-zona-blanca","tag-65-legislatura-del-estado-de-oaxaca"],"jetpack_featured_media_url":"https:\/\/zonaroja.com.mx\/wp-content\/uploads\/2024\/04\/Poder-Legislativo-Congreso-Camara-de-Diputados.jpg","jetpack_sharing_enabled":true,"_links":{"self":[{"href":"https:\/\/zonaroja.com.mx\/index.php?rest_route=\/wp\/v2\/posts\/67249","targetHints":{"allow":["GET"]}}],"collection":[{"href":"https:\/\/zonaroja.com.mx\/index.php?rest_route=\/wp\/v2\/posts"}],"about":[{"href":"https:\/\/zonaroja.com.mx\/index.php?rest_route=\/wp\/v2\/types\/post"}],"author":[{"embeddable":true,"href":"https:\/\/zonaroja.com.mx\/index.php?rest_route=\/wp\/v2\/users\/2"}],"replies":[{"embeddable":true,"href":"https:\/\/zonaroja.com.mx\/index.php?rest_route=%2Fwp%2Fv2%2Fcomments&post=67249"}],"version-history":[{"count":1,"href":"https:\/\/zonaroja.com.mx\/index.php?rest_route=\/wp\/v2\/posts\/67249\/revisions"}],"predecessor-version":[{"id":67250,"href":"https:\/\/zonaroja.com.mx\/index.php?rest_route=\/wp\/v2\/posts\/67249\/revisions\/67250"}],"wp:featuredmedia":[{"embeddable":true,"href":"https:\/\/zonaroja.com.mx\/index.php?rest_route=\/wp\/v2\/media\/67231"}],"wp:attachment":[{"href":"https:\/\/zonaroja.com.mx\/index.php?rest_route=%2Fwp%2Fv2%2Fmedia&parent=67249"}],"wp:term":[{"taxonomy":"category","embeddable":true,"href":"https:\/\/zonaroja.com.mx\/index.php?rest_route=%2Fwp%2Fv2%2Fcategories&post=67249"},{"taxonomy":"post_tag","embeddable":true,"href":"https:\/\/zonaroja.com.mx\/index.php?rest_route=%2Fwp%2Fv2%2Ftags&post=67249"}],"curies":[{"name":"wp","href":"https:\/\/api.w.org\/{rel}","templated":true}]}}