{"id":67256,"date":"2024-04-12T17:38:57","date_gmt":"2024-04-12T22:38:57","guid":{"rendered":"http:\/\/www.zonaroja.com.mx\/?p=67256"},"modified":"2024-04-12T17:38:58","modified_gmt":"2024-04-12T22:38:58","slug":"incrementaran-penas-en-oaxaca-para-quienes-maltraten-a-un-animal","status":"publish","type":"post","link":"https:\/\/zonaroja.com.mx\/?p=67256","title":{"rendered":"Incrementar\u00e1n penas en Oaxaca para quienes maltraten a un animal\u00a0"},"content":{"rendered":"\n<p>Redacci\u00f3n\/Zona Roja.<\/p>\n\n\n\n<p>Oaxaca de Ju\u00e1rez, Oax., a 12 de abril de 2024.- El Congreso del Estado de Oaxaca analiza reformas al C\u00f3digo Penal para sancionar con mayor severidad los delitos de maltrato y crueldad animal.<\/p>\n\n\n\n<p>La propuesta es de la diputada por Morena, Hayde\u00e9 Reyes Soto, expres\u00f3 que de aprobarse dicha iniciativa se considerar\u00e1 el delito de maltrato animal cuando por cualquier medio se le cause dolor, lesiones o una afectaci\u00f3n a su salud.<\/p>\n\n\n\n<p>Y es que seg\u00fan datos del Instituto Nacional de Estad\u00edstica y Geograf\u00eda (INEGI), M\u00e9xico ocupa el tercer lugar en Am\u00e9rica Latina por casos de maltrato animal, y en Oaxaca son m\u00e1s frecuentes las denuncias en medios de comunicaci\u00f3n sobre este tema.<\/p>\n\n\n\n<p>El maltrato a un animal tambi\u00e9n implica privarlo de alimento, descuidar su higiene o salud, encerrarlo, dejarlo amarrado a la intemperie y cualquier otro que ponga en riesgo su bienestar f\u00edsico, indic\u00f3 la legisladora.<\/p>\n\n\n\n<p>Asimismo, se considerar\u00e1 como acto de crueldad cometido en contra de un animal cualquier acto de brutalidad, tortura y mutilaci\u00f3n, sea por acci\u00f3n u omisi\u00f3n, o cuando se le causen lesiones de gravedad con armas, medios corrosivos o explosivos.<\/p>\n\n\n\n<p>Estas acciones reflejan el compromiso de la congresista Hayde\u00e9 Reyes para asegurar que la legislaci\u00f3n local est\u00e9 alineada con los principios y normas nacionales establecidas para la protecci\u00f3n animal.<\/p>\n","protected":false},"excerpt":{"rendered":"<p>Redacci\u00f3n\/Zona Roja. Oaxaca de Ju\u00e1rez, Oax., a 12 de abril de 2024.- El Congreso del&hellip;<\/p>\n","protected":false},"author":2,"featured_media":67257,"comment_status":"closed","ping_status":"open","sticky":false,"template":"","format":"standard","meta":{"_lmt_disableupdate":"","_lmt_disable":"","_jetpack_memberships_contains_paid_content":false,"footnotes":""},"categories":[109,46],"tags":[3907],"class_list":["post-67256","post","type-post","status-publish","format-standard","has-post-thumbnail","hentry","category-minuto-a-minuto","category-zona-blanca","tag-haydee-reyes-soto"],"jetpack_featured_media_url":"https:\/\/zonaroja.com.mx\/wp-content\/uploads\/2024\/04\/Haydee-Reyes-Soto.jpeg","jetpack_sharing_enabled":true,"_links":{"self":[{"href":"https:\/\/zonaroja.com.mx\/index.php?rest_route=\/wp\/v2\/posts\/67256","targetHints":{"allow":["GET"]}}],"collection":[{"href":"https:\/\/zonaroja.com.mx\/index.php?rest_route=\/wp\/v2\/posts"}],"about":[{"href":"https:\/\/zonaroja.com.mx\/index.php?rest_route=\/wp\/v2\/types\/post"}],"author":[{"embeddable":true,"href":"https:\/\/zonaroja.com.mx\/index.php?rest_route=\/wp\/v2\/users\/2"}],"replies":[{"embeddable":true,"href":"https:\/\/zonaroja.com.mx\/index.php?rest_route=%2Fwp%2Fv2%2Fcomments&post=67256"}],"version-history":[{"count":1,"href":"https:\/\/zonaroja.com.mx\/index.php?rest_route=\/wp\/v2\/posts\/67256\/revisions"}],"predecessor-version":[{"id":67258,"href":"https:\/\/zonaroja.com.mx\/index.php?rest_route=\/wp\/v2\/posts\/67256\/revisions\/67258"}],"wp:featuredmedia":[{"embeddable":true,"href":"https:\/\/zonaroja.com.mx\/index.php?rest_route=\/wp\/v2\/media\/67257"}],"wp:attachment":[{"href":"https:\/\/zonaroja.com.mx\/index.php?rest_route=%2Fwp%2Fv2%2Fmedia&parent=67256"}],"wp:term":[{"taxonomy":"category","embeddable":true,"href":"https:\/\/zonaroja.com.mx\/index.php?rest_route=%2Fwp%2Fv2%2Fcategories&post=67256"},{"taxonomy":"post_tag","embeddable":true,"href":"https:\/\/zonaroja.com.mx\/index.php?rest_route=%2Fwp%2Fv2%2Ftags&post=67256"}],"curies":[{"name":"wp","href":"https:\/\/api.w.org\/{rel}","templated":true}]}}