{"id":67265,"date":"2024-04-13T08:13:00","date_gmt":"2024-04-13T13:13:00","guid":{"rendered":"http:\/\/www.zonaroja.com.mx\/?p=67265"},"modified":"2024-04-13T07:58:17","modified_gmt":"2024-04-13T12:58:17","slug":"ex-procurador-murillo-karam-sale-de-prision-y-se-va-a-su-casa","status":"publish","type":"post","link":"https:\/\/zonaroja.com.mx\/?p=67265","title":{"rendered":"Ex procurador Murillo Karam sale de prisi\u00f3n y se va a su casa"},"content":{"rendered":"\n<p>Redacci\u00f3n\/Zona Roja Cdmx.<\/p>\n\n\n\n<p>Ciudad de M\u00e9xico, a 13 de abril de 2024.- Un juez federal concedi\u00f3 prisi\u00f3n domiciliaria al exprocurador General de la Rep\u00fablica, de 76 a\u00f1os, Jes\u00fas Murillo Karam, en el proceso abierto en su contra por la supuesta tortura cometida en contra de Felipe Rodr\u00edguez Salgado, \u201cEl Cepillo\u201d, presunto implicado en el caso Ayotzinapa.<\/p>\n\n\n\n<p>\u201cEn cumplimento a la resoluci\u00f3n de un Tribunal Colegiado hoy se determin\u00f3 que la prisi\u00f3n preventiva puede llevarla en su domicilio con diversas medidas\u201d, inform\u00f3 el abogado Javier L\u00f3pez en entrevista con \u201cAnimal Pol\u00edtico\u201d.<\/p>\n\n\n\n<p>El 18 de agosto de 2022, la Fiscal\u00eda General de la Rep\u00fablica y la Secretar\u00eda de la Marina detuvieron a Murillo Karam se\u00f1alado por los delitos de desaparici\u00f3n forzada, tortura y contra la administraci\u00f3n de la justicia en el caso Ayotzinapa, donde fue uno de los responsables en la creaci\u00f3n de la llamada \u201cverdad hist\u00f3rica\u201d.<\/p>\n\n\n\n<p>La detenci\u00f3n del exprocurador ocurri\u00f3 tan solo un d\u00eda despu\u00e9s de que el Gobierno Federal present\u00f3 los avances de la investigaci\u00f3n por la desaparici\u00f3n de los 43 normalistas de Ayotzinapa, donde entre otras cosas, la Comisi\u00f3n de Verdad y Acceso a la Justicia determin\u00f3 que este hecho se trat\u00f3 de un crimen de Estado.<\/p>\n\n\n\n<p>En abril de 2023, el exprocurador sum\u00f3 esta nueva vinculaci\u00f3n a proceso por presuntamente torturar a Felipe Rodr\u00edguez Salgado, alias \u201cEl Cepillo\u201d, se\u00f1alado de ser sicario de Guerreros Unidos y de estar implicado en la desaparici\u00f3n de los 43 normalistas.<\/p>\n\n\n\n<p>De acuerdo con la acusaci\u00f3n realizada por la Fiscal\u00eda General de la Rep\u00fablica (FGR), Murillo Karam autoriz\u00f3 dichas torturas en las instalaciones que administrativamente depend\u00edan de su cargo como Procuradur\u00eda General de la Rep\u00fablica.<\/p>\n\n\n\n<p>Para comprobar su supuesta responsabilidad, los fiscales mostraron los informes m\u00e9dicos de \u201cEl Cepillo\u201d que se\u00f1alaban que ten\u00eda 31 lesiones al momento de ser detenido.<\/p>\n\n\n\n<p>Sin embargo, debido a su delicado estado de salud y la avanzada edad del exprocurador Murillo Karam su defensa promovi\u00f3 diversos juicios de amparo para buscar obtener a su favor la prisi\u00f3n domiciliaria, raz\u00f3n por la cual desde el pasado 3 de noviembre un juez federal concedi\u00f3 cambiarle la medida de prisi\u00f3n preventiva por prisi\u00f3n domiciliaria en el primer proceso.<\/p>\n\n\n\n<p>En este segundo proceso, el 4 de abril de 2024 el Primer Tribunal Colegiado en Materia Penal de Primer Circuito determin\u00f3 darle la raz\u00f3n a la defensa de Murillo tras determinar que el art\u00edculo 166 del C\u00f3digo Nacional de Procedimientos Penales (CNPP) establece una excepci\u00f3n para que la aplicaci\u00f3n de la prisi\u00f3n preventiva se ejecute en el domicilio de la persona imputada o, de ser el caso, en un centro m\u00e9dico o geri\u00e1trico, en aquellos supuestos en que el imputado sea mayor de setenta a\u00f1os o que padezca una enfermedad grave.<\/p>\n\n\n\n<p>Pese a lo anterior, se\u00f1alaron que la medida s\u00f3lo implica la modificaci\u00f3n del lugar en que cumplir\u00e1 la prisi\u00f3n preventiva justificada, por lo que este cambio no implica su libertad.<\/p>\n\n\n\n<p>RECHAZAN CAMBIO DE MEDIDA<\/p>\n\n\n\n<p>La Comisi\u00f3n para la Verdad y Acceso a la Justicia en el caso Ayotzinapa (CoVAJ) conden\u00f3 la determinaci\u00f3n de Juan Jos\u00e9 Hern\u00e1ndez Leyva, juez de control del Centro de Justicia Penal Federal en la Ciudad de M\u00e9xico quien otorg\u00f3 la medida cautelar de prisi\u00f3n domiciliaria al exprocurador general de la Rep\u00fablica, Jes\u00fas Murillo Karam.<\/p>\n\n\n\n<p>\u201cCon dicha determinaci\u00f3n se atenta una vez m\u00e1s contra el derecho a la verdad y la justicia de las v\u00edctimas y sus familiares, toda vez que el exfuncionario ha sido se\u00f1alado como uno de los principales responsables de obstruir la justicia en la desaparici\u00f3n de los 43 estudiantes de la Normal Rural \u201cRa\u00fal Isidro Burgos\u201d de Ayotzinapa, as\u00ed como de construir la mal llamada \u201cverdad hist\u00f3rica\u201d sobre lo ocurrido la noche del 26 de septiembre de 2014 en Iguala, Guerrero\u201d, inform\u00f3 al Comisi\u00f3n en un comunicado.<\/p>\n\n\n\n<p>Al respecto, la COVAJ se comprometi\u00f3 a seguir trabajando con las madres y padres en torno al reforzamiento de los trabajos de b\u00fasqueda en campo; a romper el pacto de silencio criminal y obtener informaci\u00f3n que permita dar con el paradero de los j\u00f3venes desaparecidos e intensificar las acciones legales para castigar a los responsables.<\/p>\n\n\n\n<p>(Informaci\u00f3n del portal \u201cAnimal Pol\u00edtico\u201d)<\/p>\n","protected":false},"excerpt":{"rendered":"<p>Redacci\u00f3n\/Zona Roja Cdmx. Ciudad de M\u00e9xico, a 13 de abril de 2024.- Un juez federal&hellip;<\/p>\n","protected":false},"author":2,"featured_media":61660,"comment_status":"closed","ping_status":"open","sticky":false,"template":"","format":"standard","meta":{"_lmt_disableupdate":"","_lmt_disable":"","_jetpack_memberships_contains_paid_content":false,"footnotes":""},"categories":[109,47],"tags":[3232],"class_list":["post-67265","post","type-post","status-publish","format-standard","has-post-thumbnail","hentry","category-minuto-a-minuto","category-zona-gris","tag-jesus-murillo-karam"],"jetpack_featured_media_url":"https:\/\/zonaroja.com.mx\/wp-content\/uploads\/2023\/11\/Jesus-Murillo-Karam.webp","jetpack_sharing_enabled":true,"_links":{"self":[{"href":"https:\/\/zonaroja.com.mx\/index.php?rest_route=\/wp\/v2\/posts\/67265","targetHints":{"allow":["GET"]}}],"collection":[{"href":"https:\/\/zonaroja.com.mx\/index.php?rest_route=\/wp\/v2\/posts"}],"about":[{"href":"https:\/\/zonaroja.com.mx\/index.php?rest_route=\/wp\/v2\/types\/post"}],"author":[{"embeddable":true,"href":"https:\/\/zonaroja.com.mx\/index.php?rest_route=\/wp\/v2\/users\/2"}],"replies":[{"embeddable":true,"href":"https:\/\/zonaroja.com.mx\/index.php?rest_route=%2Fwp%2Fv2%2Fcomments&post=67265"}],"version-history":[{"count":1,"href":"https:\/\/zonaroja.com.mx\/index.php?rest_route=\/wp\/v2\/posts\/67265\/revisions"}],"predecessor-version":[{"id":67266,"href":"https:\/\/zonaroja.com.mx\/index.php?rest_route=\/wp\/v2\/posts\/67265\/revisions\/67266"}],"wp:featuredmedia":[{"embeddable":true,"href":"https:\/\/zonaroja.com.mx\/index.php?rest_route=\/wp\/v2\/media\/61660"}],"wp:attachment":[{"href":"https:\/\/zonaroja.com.mx\/index.php?rest_route=%2Fwp%2Fv2%2Fmedia&parent=67265"}],"wp:term":[{"taxonomy":"category","embeddable":true,"href":"https:\/\/zonaroja.com.mx\/index.php?rest_route=%2Fwp%2Fv2%2Fcategories&post=67265"},{"taxonomy":"post_tag","embeddable":true,"href":"https:\/\/zonaroja.com.mx\/index.php?rest_route=%2Fwp%2Fv2%2Ftags&post=67265"}],"curies":[{"name":"wp","href":"https:\/\/api.w.org\/{rel}","templated":true}]}}