{"id":67280,"date":"2024-04-13T14:00:00","date_gmt":"2024-04-13T19:00:00","guid":{"rendered":"http:\/\/www.zonaroja.com.mx\/?p=67280"},"modified":"2024-04-13T08:42:39","modified_gmt":"2024-04-13T13:42:39","slug":"dictan-sentencia-de-13-anos-contra-homicida-de-tlahuitoltepec-mixe","status":"publish","type":"post","link":"https:\/\/zonaroja.com.mx\/?p=67280","title":{"rendered":"Dictan sentencia de 13 a\u00f1os contra homicida de Tlahuitoltepec Mixe"},"content":{"rendered":"\n<p>Redacci\u00f3n\/Zona Roja.&nbsp;<\/p>\n\n\n\n<p>Oaxaca de Ju\u00e1rez, Oax., a 13 de abril de 2024.- La Fiscal\u00eda General del Estado de Oaxaca (FGEO) obtuvo sentencia condenatoria superior a los 13 a\u00f1os de prisi\u00f3n en contra de una persona del sexo masculino identificado como P. D. N., responsable por la comisi\u00f3n del delito de Homicidio, hechos ocurridos en la regi\u00f3n de la Sierra Norte.<\/p>\n\n\n\n<p>De acuerdo con lo establecido en la causa penal, los hechos se suscitaron el 29 de marzo de 2020, cuando el imputado agredi\u00f3 f\u00edsicamente a la v\u00edctima identificada como C. H. G., infligiendo lesiones que le ocasionaron la muerte. El cuerpo de la v\u00edctima fue localizado en un arroyo ubicado en el barrio de abajo, en el municipio Santa Mar\u00eda Tlahuitoltepec.<\/p>\n\n\n\n<p>Ante los hechos, la instituci\u00f3n de procuraci\u00f3n de justicia inici\u00f3 una exhaustiva investigaci\u00f3n -a trav\u00e9s de la Vicefiscal\u00eda Regional de Valles Centrales-, logrando aprehender y presentar al imputado ante el Juez de la causa.<\/p>\n\n\n\n<p>En audiencia, el juez dict\u00f3 sentencia condenatoria contra P.D.N., a quien impuso la pena de 13 a\u00f1os, 7 meses y 15 d\u00edas de prisi\u00f3n por su responsabilidad en la comisi\u00f3n del delito de Homicidio Simple.<\/p>\n\n\n\n<p>VINCULADO A PROCESO<\/p>\n\n\n\n<p>Por otra parte, la Fiscal\u00eda General obtuvo auto de vinculaci\u00f3n a proceso en contra de una persona del sexo masculino identificada como A. M. L., imputado por el delito de violencia familiar, hechos ocurridos en la regi\u00f3n de la Costa.&nbsp;<\/p>\n\n\n\n<p>De acuerdo con el expediente penal, el primero de abril de 2023, la v\u00edctima identificada como A.R.G., fue agredida f\u00edsicamente mientras se encontraba en su domicilio ubicado en Santiago Pinotepa Nacional.<\/p>\n\n\n\n<p>La Fiscal\u00eda General del Estado recibi\u00f3 la denuncia, por lo que a trav\u00e9s de la Vicefiscal\u00eda Regional de la Costa inici\u00f3 las indagatorias correspondientes que permitieron ejecutar la orden de aprehensi\u00f3n en contra de A.M.L., quien fue presentado ante el Juez que conoce la causa.&nbsp;<\/p>\n\n\n\n<p>Tras valorar las pruebas presentadas por la FGEO, el Juez determin\u00f3 vincular a proceso al imputado por el delito de violencia familiar, adem\u00e1s de otorgar un mes para el cierre de la investigaci\u00f3n.<\/p>\n","protected":false},"excerpt":{"rendered":"<p>Redacci\u00f3n\/Zona Roja.&nbsp; Oaxaca de Ju\u00e1rez, Oax., a 13 de abril de 2024.- La Fiscal\u00eda General&hellip;<\/p>\n","protected":false},"author":2,"featured_media":17457,"comment_status":"closed","ping_status":"open","sticky":false,"template":"","format":"standard","meta":{"_lmt_disableupdate":"","_lmt_disable":"","_jetpack_memberships_contains_paid_content":false,"footnotes":""},"categories":[109,46],"tags":[494],"class_list":["post-67280","post","type-post","status-publish","format-standard","has-post-thumbnail","hentry","category-minuto-a-minuto","category-zona-blanca","tag-fiscalia-general-del-estado-de-oaxaca"],"jetpack_featured_media_url":"https:\/\/zonaroja.com.mx\/wp-content\/uploads\/2020\/09\/Foto-Jueza.jpeg","jetpack_sharing_enabled":true,"_links":{"self":[{"href":"https:\/\/zonaroja.com.mx\/index.php?rest_route=\/wp\/v2\/posts\/67280","targetHints":{"allow":["GET"]}}],"collection":[{"href":"https:\/\/zonaroja.com.mx\/index.php?rest_route=\/wp\/v2\/posts"}],"about":[{"href":"https:\/\/zonaroja.com.mx\/index.php?rest_route=\/wp\/v2\/types\/post"}],"author":[{"embeddable":true,"href":"https:\/\/zonaroja.com.mx\/index.php?rest_route=\/wp\/v2\/users\/2"}],"replies":[{"embeddable":true,"href":"https:\/\/zonaroja.com.mx\/index.php?rest_route=%2Fwp%2Fv2%2Fcomments&post=67280"}],"version-history":[{"count":1,"href":"https:\/\/zonaroja.com.mx\/index.php?rest_route=\/wp\/v2\/posts\/67280\/revisions"}],"predecessor-version":[{"id":67281,"href":"https:\/\/zonaroja.com.mx\/index.php?rest_route=\/wp\/v2\/posts\/67280\/revisions\/67281"}],"wp:featuredmedia":[{"embeddable":true,"href":"https:\/\/zonaroja.com.mx\/index.php?rest_route=\/wp\/v2\/media\/17457"}],"wp:attachment":[{"href":"https:\/\/zonaroja.com.mx\/index.php?rest_route=%2Fwp%2Fv2%2Fmedia&parent=67280"}],"wp:term":[{"taxonomy":"category","embeddable":true,"href":"https:\/\/zonaroja.com.mx\/index.php?rest_route=%2Fwp%2Fv2%2Fcategories&post=67280"},{"taxonomy":"post_tag","embeddable":true,"href":"https:\/\/zonaroja.com.mx\/index.php?rest_route=%2Fwp%2Fv2%2Ftags&post=67280"}],"curies":[{"name":"wp","href":"https:\/\/api.w.org\/{rel}","templated":true}]}}