{"id":67282,"date":"2024-04-13T14:44:00","date_gmt":"2024-04-13T19:44:00","guid":{"rendered":"http:\/\/www.zonaroja.com.mx\/?p=67282"},"modified":"2024-04-13T08:45:45","modified_gmt":"2024-04-13T13:45:45","slug":"israel-bombardea-de-nuevo-gaza-hay-89-muertos","status":"publish","type":"post","link":"https:\/\/zonaroja.com.mx\/?p=67282","title":{"rendered":"Israel bombardea de nuevo Gaza; hay 89 muertos"},"content":{"rendered":"\n<p>Redacci\u00f3n\/Zona Roja Cdmx.<\/p>\n\n\n\n<p>Ciudad de M\u00e9xico, a 13 de abril de 2024.- Los bombardeos israel\u00edes sobre Gaza contin\u00faan, al menos 89 personas murieron ayer, 25 de ellas de una misma familia, durante un ataque a\u00e9reo contra un edificio residencial del enclave, en el cual decenas resultaron heridas, inform\u00f3 el Ministerio de Salud de la franja.&nbsp;<\/p>\n\n\n\n<p>Este fue tan s\u00f3lo uno de los \u201cm\u00e1s de 60 objetivos terroristas\u201d que las Fuerzas de Defensa de Israel (FDI) aseguran haber impactado en las 24 horas previas al reporte, incluidos puestos subterr\u00e1neos e infraestructuras militares.<\/p>\n\n\n\n<p>Ayer, Hamas hizo p\u00fablico que tambi\u00e9n decenas de casas y edificios residenciales fueron atacados con explosivos en el campo de refugiados de Nuseirat, en el centro de Gaza.<\/p>\n\n\n\n<p>\u201cBombardeos golpearon Nuseirat durante toda la noche. No hab\u00eda m\u00e1s que fuego y destrucci\u00f3n, con m\u00e1rtires tendidos en las calles. Huimos por la ma\u00f1ana y no tenemos ad\u00f3nde ir. Es la sexta vez que nos desplazamos. Gaza se ha vuelto inhabitable\u201d, declar\u00f3 Mohamad Al-Rayes, de 61 a\u00f1os.<\/p>\n\n\n\n<p>En ese contexto, el camar\u00f3grafo Sami Shahada de la cadena de televisi\u00f3n turca TRT result\u00f3 mutilado de una pierna, la cual perdi\u00f3 tras el ataque israel\u00ed contra el campamento de refugiados de Nuseirat, situado en el centro de la franja de Gaza.<\/p>\n\n\n\n<p>El incidente ocurri\u00f3 cuando el veh\u00edculo en el que viajaba el equipo del periodista fue alcanzado por los proyectiles cuando se preparaba para realizar una conexi\u00f3n en directo en el marco de la cobertura de la ofensiva israel\u00ed contra el enclave palestino, donde han muerto ya m\u00e1s de 33 mil 600 personas desde el pasado mes de octubre.<\/p>\n\n\n\n<p>Poco despu\u00e9s de resultar herido, el camar\u00f3grafo se dirigi\u00f3 a la comunidad internacional y record\u00f3 que los periodistas \u201cllevan cascos\u201d en la franja porque Israel \u201csigue teni\u00e9ndolos como objetivo. Ahora, aunque me falte una pierna o lleve un bast\u00f3n, seguir\u00e9 desempe\u00f1ando mi deber y ser\u00e9 la voz de Gaza\u201d, se\u00f1al\u00f3.<\/p>\n\n\n\n<p>De acuerdo datos divulgados por la cadena de televisi\u00f3n, el ej\u00e9rcito de Israel atac\u00f3 el veh\u00edculo desde un carro de combate. El camar\u00f3grafo fue sometido a una operaci\u00f3n de emergencia, indicaron fuentes m\u00e9dicas de un hospital de Deir el Bel\u00e1, que se\u00f1alaron que el periodista sufri\u00f3 tambi\u00e9n heridas en otras partes del cuerpo.<\/p>\n\n\n\n<p>El director general de la cadena, Zahid Sobaci, conden\u00f3 el ataque y reclam\u00f3 que Israel ha ido \u201cm\u00e1s all\u00e1 de la moral y los l\u00edmites legales o humanitarios\u201d.<\/p>\n\n\n\n<p>(Informaci\u00f3n de \u201cLa Jornada\u201d)<\/p>\n","protected":false},"excerpt":{"rendered":"<p>Redacci\u00f3n\/Zona Roja Cdmx. Ciudad de M\u00e9xico, a 13 de abril de 2024.- Los bombardeos israel\u00edes&hellip;<\/p>\n","protected":false},"author":2,"featured_media":60769,"comment_status":"closed","ping_status":"open","sticky":false,"template":"","format":"standard","meta":{"_lmt_disableupdate":"","_lmt_disable":"","_jetpack_memberships_contains_paid_content":false,"footnotes":""},"categories":[109,47],"tags":[2668],"class_list":["post-67282","post","type-post","status-publish","format-standard","has-post-thumbnail","hentry","category-minuto-a-minuto","category-zona-gris","tag-conflicto-gaza-israel"],"jetpack_featured_media_url":"https:\/\/zonaroja.com.mx\/wp-content\/uploads\/2023\/10\/Guerra-Israel-Gaza-Hamas.jpg","jetpack_sharing_enabled":true,"_links":{"self":[{"href":"https:\/\/zonaroja.com.mx\/index.php?rest_route=\/wp\/v2\/posts\/67282","targetHints":{"allow":["GET"]}}],"collection":[{"href":"https:\/\/zonaroja.com.mx\/index.php?rest_route=\/wp\/v2\/posts"}],"about":[{"href":"https:\/\/zonaroja.com.mx\/index.php?rest_route=\/wp\/v2\/types\/post"}],"author":[{"embeddable":true,"href":"https:\/\/zonaroja.com.mx\/index.php?rest_route=\/wp\/v2\/users\/2"}],"replies":[{"embeddable":true,"href":"https:\/\/zonaroja.com.mx\/index.php?rest_route=%2Fwp%2Fv2%2Fcomments&post=67282"}],"version-history":[{"count":1,"href":"https:\/\/zonaroja.com.mx\/index.php?rest_route=\/wp\/v2\/posts\/67282\/revisions"}],"predecessor-version":[{"id":67283,"href":"https:\/\/zonaroja.com.mx\/index.php?rest_route=\/wp\/v2\/posts\/67282\/revisions\/67283"}],"wp:featuredmedia":[{"embeddable":true,"href":"https:\/\/zonaroja.com.mx\/index.php?rest_route=\/wp\/v2\/media\/60769"}],"wp:attachment":[{"href":"https:\/\/zonaroja.com.mx\/index.php?rest_route=%2Fwp%2Fv2%2Fmedia&parent=67282"}],"wp:term":[{"taxonomy":"category","embeddable":true,"href":"https:\/\/zonaroja.com.mx\/index.php?rest_route=%2Fwp%2Fv2%2Fcategories&post=67282"},{"taxonomy":"post_tag","embeddable":true,"href":"https:\/\/zonaroja.com.mx\/index.php?rest_route=%2Fwp%2Fv2%2Ftags&post=67282"}],"curies":[{"name":"wp","href":"https:\/\/api.w.org\/{rel}","templated":true}]}}