{"id":67284,"date":"2024-04-13T15:45:00","date_gmt":"2024-04-13T20:45:00","guid":{"rendered":"http:\/\/www.zonaroja.com.mx\/?p=67284"},"modified":"2024-04-13T08:48:30","modified_gmt":"2024-04-13T13:48:30","slug":"opinion-movimiento-ciudadano-perdido-en-el-laberinto-de-las-indefiniciones","status":"publish","type":"post","link":"https:\/\/zonaroja.com.mx\/?p=67284","title":{"rendered":"Opini\u00f3n. Movimiento Ciudadano, perdido en el laberinto de las indefiniciones&#8230;"},"content":{"rendered":"\n<p>Adri\u00e1n Ortiz Romero*<\/p>\n\n\n\n<p>Uno de los partidos que representa de mejor forma lo que pudo haber sido y no fue, es Movimiento Ciudadano. A casi 25 a\u00f1os de obtener su registro como partido pol\u00edtico, se supon\u00eda que este deber\u00eda ser su momento estelar.<\/p>\n\n\n\n<p>Es, junto con Morena, uno de los dos institutos pol\u00edticos m\u00e1s exitosos en los tiempos de las alternancias pol\u00edticas en el poder presidencial. Hoy sus siglas representan a los gobiernos de las dos entidades federativas m\u00e1s importantes del pa\u00eds despu\u00e9s de la Ciudad de<\/p>\n\n\n\n<p>M\u00e9xico, y tiene robustas bancadas en las dos c\u00e1maras legislativas federales. Pero, parad\u00f3jicamente, este podr\u00eda ser el tiempo de su mayor descalabro al haber postulado por primera vez a un candidato presidencial, al margen de las coaliciones electorales.<\/p>\n\n\n\n<p>En efecto, Movimiento Ciudadano naci\u00f3 como Convergencia por la Democracia. A principios de la d\u00e9cada de los dos mil redujo su nombre a \u00fanicamente Convergencia.&nbsp;<\/p>\n\n\n\n<p>En 2011 modific\u00f3 nuevamente su denominaci\u00f3n para quedar como actualmente es conocido como instituto pol\u00edtico. En dicho lapso, gan\u00f3 en coalici\u00f3n con otras fuerzas pol\u00edticas gubernaturas muy importantes como la de Tabasco, Morelos, Durango, Ciudad de M\u00e9xico o, en uno de sus primeros \u00e9xitos, el gobierno de Oaxaca con Gabino Cu\u00e9 Monteagudo.&nbsp;<\/p>\n\n\n\n<p>Ya como fuerza pol\u00edtica unitaria se hizo de los triunfos en Jalisco y Nuevo Le\u00f3n, que hoy \u2014no exentos de vicisitudes\u2014 constituyen sus principales baluartes.<\/p>\n\n\n\n<p>En las anteriores sucesiones presidenciales, Convergencia y Movimiento Ciudadano no presentaron candidatos. Hicieron alianzas primero con Andr\u00e9s Manuel L\u00f3pez Obrador y luego con Ricardo Anaya Cort\u00e9s.&nbsp;<\/p>\n\n\n\n<p>Se infer\u00eda que, durante ese tiempo, MC estar\u00eda preparando a los cuadros pol\u00edticos que encabezar\u00edan una especie de segunda generaci\u00f3n de militantes con capacidad de conquistar el voto ciudadano. Entre sus activos se hicieron de personajes como Patricia Mercado, Enrique Alfaro, Samuel Garc\u00eda o el mismo Luis Donaldo Colosio Riojas. Se supon\u00eda que de entre ellos saldr\u00eda su primer candidato presidencial. Sorprendentemente, no fue as\u00ed.<\/p>\n\n\n\n<p>Colosio declin\u00f3 la posibilidad esperando un momento de mayor madurez y menos polarizaci\u00f3n. El gobernador jalisciense Alfaro fue relegado al intentar disputarle el liderazgo al patriarca emecista Dante Delgado Rannauro.&nbsp;<\/p>\n\n\n\n<p>Samuel Garc\u00eda, gobernador de Nuevo Le\u00f3n, protagoniz\u00f3 un vergonzoso periplo al intentar convertirse en candidato presidencial en medio del desastre pol\u00edtico que ten\u00eda en la entidad que a\u00fan gobierna.&nbsp;<\/p>\n\n\n\n<p>Al final, MC se qued\u00f3 sin figuras competitivas como potenciales candidateables y termin\u00f3 en los brazos del zacatecano Jorge \u00c1lvarez M\u00e1ynez que, como simple personero de Delgado, pasar\u00e1 a la historia como el primer candidato presidencial de ese partido que consigui\u00f3 la postulaci\u00f3n \u00fanicamente por la depuraci\u00f3n de todas las figuras competitivas reales de ese partido, pero al margen de cualquier escenario competitivo.<\/p>\n\n\n\n<p>EPITAFIO<\/p>\n\n\n\n<p>Un periplo sin pies ni cabeza, y sin destino, es el que vive MC en Oaxaca. Su mayor activo \u2014y no es chiste\u2014 es el ex priista H\u00e9ctor Pablo Ram\u00edrez Puga Leyva, sus disc\u00edpulos, y su propio hijo, gracias a los \u201cbuenos oficios\u201d de la tambi\u00e9n ex priista Ivonne Ortega. \u00bfTienen posibilidad de alg\u00fan triunfo? Parece improbable.&nbsp;<\/p>\n\n\n\n<p>No son m\u00e1s que el resultado de una doble vuelta al reciclaje encarnados en un conjunto de personajes que no tuvieron cabida ni entre los \u201cpuros\u201d de Morena ni entre los conversos priistas que hoy ya no saben en qui\u00e9n creer\u2026&nbsp;<\/p>\n\n\n\n<p>As\u00ed, perdidos en su laberinto, pareciera que lo que se crey\u00f3 que ser\u00eda su momento estelar podr\u00eda ser el principio de su desmoronamiento como opci\u00f3n pol\u00edtica para los electores.<\/p>\n\n\n\n<p>*Abogado y periodista.<\/p>\n\n\n\n<p>@ortizromeroc<\/p>\n\n\n\n<p>@columnaalmargen<\/p>\n\n\n\n<p><blockquote class=\"wp-embedded-content\" data-secret=\"5dnQKr25D7\"><a href=\"https:\/\/columnaalmargen.mx\/\">P\u00e1gina de Inicio<\/a><\/blockquote><iframe class=\"wp-embedded-content\" sandbox=\"allow-scripts\" security=\"restricted\" style=\"position: absolute; clip: rect(1px, 1px, 1px, 1px);\" title=\"&#8220;P\u00e1gina de Inicio&#8221; &#8212; Columna Al Margen\" src=\"https:\/\/columnaalmargen.mx\/embed\/#?secret=tQETid8Zuf#?secret=5dnQKr25D7\" data-secret=\"5dnQKr25D7\" width=\"600\" height=\"338\" frameborder=\"0\" marginwidth=\"0\" marginheight=\"0\" scrolling=\"no\"><\/iframe><\/p>\n","protected":false},"excerpt":{"rendered":"<p>Adri\u00e1n Ortiz Romero* Uno de los partidos que representa de mejor forma lo que pudo&hellip;<\/p>\n","protected":false},"author":2,"featured_media":41727,"comment_status":"closed","ping_status":"open","sticky":false,"template":"","format":"standard","meta":{"_lmt_disableupdate":"","_lmt_disable":"","_jetpack_memberships_contains_paid_content":false,"footnotes":""},"categories":[456,109],"tags":[2994],"class_list":["post-67284","post","type-post","status-publish","format-standard","has-post-thumbnail","hentry","category-columna","category-minuto-a-minuto","tag-adrian-ortiz-romero-cuevas"],"jetpack_featured_media_url":"https:\/\/zonaroja.com.mx\/wp-content\/uploads\/2022\/05\/268ff40f-0d29-460d-b639-fc8eebaa17a4.jpg","jetpack_sharing_enabled":true,"_links":{"self":[{"href":"https:\/\/zonaroja.com.mx\/index.php?rest_route=\/wp\/v2\/posts\/67284","targetHints":{"allow":["GET"]}}],"collection":[{"href":"https:\/\/zonaroja.com.mx\/index.php?rest_route=\/wp\/v2\/posts"}],"about":[{"href":"https:\/\/zonaroja.com.mx\/index.php?rest_route=\/wp\/v2\/types\/post"}],"author":[{"embeddable":true,"href":"https:\/\/zonaroja.com.mx\/index.php?rest_route=\/wp\/v2\/users\/2"}],"replies":[{"embeddable":true,"href":"https:\/\/zonaroja.com.mx\/index.php?rest_route=%2Fwp%2Fv2%2Fcomments&post=67284"}],"version-history":[{"count":1,"href":"https:\/\/zonaroja.com.mx\/index.php?rest_route=\/wp\/v2\/posts\/67284\/revisions"}],"predecessor-version":[{"id":67285,"href":"https:\/\/zonaroja.com.mx\/index.php?rest_route=\/wp\/v2\/posts\/67284\/revisions\/67285"}],"wp:featuredmedia":[{"embeddable":true,"href":"https:\/\/zonaroja.com.mx\/index.php?rest_route=\/wp\/v2\/media\/41727"}],"wp:attachment":[{"href":"https:\/\/zonaroja.com.mx\/index.php?rest_route=%2Fwp%2Fv2%2Fmedia&parent=67284"}],"wp:term":[{"taxonomy":"category","embeddable":true,"href":"https:\/\/zonaroja.com.mx\/index.php?rest_route=%2Fwp%2Fv2%2Fcategories&post=67284"},{"taxonomy":"post_tag","embeddable":true,"href":"https:\/\/zonaroja.com.mx\/index.php?rest_route=%2Fwp%2Fv2%2Ftags&post=67284"}],"curies":[{"name":"wp","href":"https:\/\/api.w.org\/{rel}","templated":true}]}}