{"id":67290,"date":"2024-04-13T17:39:09","date_gmt":"2024-04-13T22:39:09","guid":{"rendered":"http:\/\/www.zonaroja.com.mx\/?p=67290"},"modified":"2024-04-13T17:39:10","modified_gmt":"2024-04-13T22:39:10","slug":"tercera-guerra-mundial-iran-lanza-ataque-aereo-contra-israel-eu-y-aliados-responden","status":"publish","type":"post","link":"https:\/\/zonaroja.com.mx\/?p=67290","title":{"rendered":"\u00a0\u00bfTercera Guerra Mundial? Ir\u00e1n lanza ataque a\u00e9reo contra Israel; EU y aliados responden"},"content":{"rendered":"\n<p>Redacci\u00f3n\/Zona Roja Cdmx.<\/p>\n\n\n\n<p>Ciudad de M\u00e9xico, a 13 de abril de 2024.- El ej\u00e9rcito israel\u00ed dice que Ir\u00e1n ha lanzado varios aviones no tripulados hacia su territorio. El portavoz es el contralmirante Daniel Hagari, quien dijo que su pa\u00eds estaba preparado para responder.<\/p>\n\n\n\n<p>Despu\u00e9s, la Guardia Revolucionaria iran\u00ed confirm\u00f3 que lanz\u00f3 un ataque con docenas de misiles y drones contra Israel en respuesta al bombardeo contra el consulado de Ir\u00e1n en Siria.<\/p>\n\n\n\n<p>Israel ha estado en alerta m\u00e1xima desde que un ataque a\u00e9reo la semana pasada mat\u00f3 a dos generales iran\u00edes en Siria. Ir\u00e1n acus\u00f3 a Israel de estar detr\u00e1s del ataque y prometi\u00f3 venganza. Israel no ha comentado sobre ese ataque.<\/p>\n\n\n\n<p>Las autoridades israel\u00edes anunciaron que cerrar\u00e1n el espacio a\u00e9reo del pa\u00eds a partir de las 00:30 hora local ante el inminente ataque iran\u00ed.<\/p>\n\n\n\n<p>La Casa Blanca confirm\u00f3 el inicio de un ataque \u201ca\u00e9reo\u201d desde Ir\u00e1n contra Israel y asegura que la operaci\u00f3n \u201cseguramente tendr\u00e1 lugar durante varias horas\u201d.<\/p>\n\n\n\n<p>Ir\u00e1n hab\u00eda prometido tomar represalias y el presidente estadounidense, Joe Biden, acort\u00f3 un viaje de fin de semana a su casa en la playa en Delaware, para regresar a la Casa Blanca y monitorear la situaci\u00f3n.<\/p>\n\n\n\n<p>Horas m\u00e1s tarde, la Guardia Revolucionaria iran\u00ed lanz\u00f3 una primera oleada de misiles bal\u00edsticos contra Israel, inform\u00f3 la agencia estatal IRNA.<\/p>\n\n\n\n<p>La guerra de Israel contra Ham\u00e1s en la Franja de Gaza ha avivado tensiones de una d\u00e9cada en el Medio Oriente, y cualquier nuevo ataque amenaza con escalar ese conflicto a una guerra regional m\u00e1s amplia.<\/p>\n\n\n\n<p>(Informaci\u00f3n de \u00abEl Financiero\u00bb)<\/p>\n","protected":false},"excerpt":{"rendered":"<p>Redacci\u00f3n\/Zona Roja Cdmx. Ciudad de M\u00e9xico, a 13 de abril de 2024.- El ej\u00e9rcito israel\u00ed&hellip;<\/p>\n","protected":false},"author":2,"featured_media":67291,"comment_status":"closed","ping_status":"open","sticky":false,"template":"","format":"standard","meta":{"_lmt_disableupdate":"","_lmt_disable":"","_jetpack_memberships_contains_paid_content":false,"footnotes":""},"categories":[109,47],"tags":[3909],"class_list":["post-67290","post","type-post","status-publish","format-standard","has-post-thumbnail","hentry","category-minuto-a-minuto","category-zona-gris","tag-guerra-iran-israel"],"jetpack_featured_media_url":"https:\/\/zonaroja.com.mx\/wp-content\/uploads\/2024\/04\/Guerra-Iran-Israel.jpg","jetpack_sharing_enabled":true,"_links":{"self":[{"href":"https:\/\/zonaroja.com.mx\/index.php?rest_route=\/wp\/v2\/posts\/67290","targetHints":{"allow":["GET"]}}],"collection":[{"href":"https:\/\/zonaroja.com.mx\/index.php?rest_route=\/wp\/v2\/posts"}],"about":[{"href":"https:\/\/zonaroja.com.mx\/index.php?rest_route=\/wp\/v2\/types\/post"}],"author":[{"embeddable":true,"href":"https:\/\/zonaroja.com.mx\/index.php?rest_route=\/wp\/v2\/users\/2"}],"replies":[{"embeddable":true,"href":"https:\/\/zonaroja.com.mx\/index.php?rest_route=%2Fwp%2Fv2%2Fcomments&post=67290"}],"version-history":[{"count":1,"href":"https:\/\/zonaroja.com.mx\/index.php?rest_route=\/wp\/v2\/posts\/67290\/revisions"}],"predecessor-version":[{"id":67292,"href":"https:\/\/zonaroja.com.mx\/index.php?rest_route=\/wp\/v2\/posts\/67290\/revisions\/67292"}],"wp:featuredmedia":[{"embeddable":true,"href":"https:\/\/zonaroja.com.mx\/index.php?rest_route=\/wp\/v2\/media\/67291"}],"wp:attachment":[{"href":"https:\/\/zonaroja.com.mx\/index.php?rest_route=%2Fwp%2Fv2%2Fmedia&parent=67290"}],"wp:term":[{"taxonomy":"category","embeddable":true,"href":"https:\/\/zonaroja.com.mx\/index.php?rest_route=%2Fwp%2Fv2%2Fcategories&post=67290"},{"taxonomy":"post_tag","embeddable":true,"href":"https:\/\/zonaroja.com.mx\/index.php?rest_route=%2Fwp%2Fv2%2Ftags&post=67290"}],"curies":[{"name":"wp","href":"https:\/\/api.w.org\/{rel}","templated":true}]}}