{"id":67293,"date":"2024-04-14T07:35:53","date_gmt":"2024-04-14T12:35:53","guid":{"rendered":"http:\/\/www.zonaroja.com.mx\/?p=67293"},"modified":"2024-04-14T07:35:54","modified_gmt":"2024-04-14T12:35:54","slug":"organizan-foro-juvenil-en-xoxocotlan-para-inspirarlos-a-desarrollo","status":"publish","type":"post","link":"https:\/\/zonaroja.com.mx\/?p=67293","title":{"rendered":"Organizan foro juvenil en Xoxocotl\u00e1n, para inspirarlos a desarrollo"},"content":{"rendered":"\n<p>Raymundo Morales\/Zona Roja.<\/p>\n\n\n\n<p>Oaxaca de Ju\u00e1rez, Oax., 14 de abril de 2024.- El colectivo \u201cNuestro Bienestar\u201d organiz\u00f3 en Santa Cruz Xoxocotl\u00e1n un foro denominado AdapTarte, mediante el cual se busca incentivar el desarrollo de la juventud en este municipio conurbado a la capital de Oaxaca.<\/p>\n\n\n\n<p>Cientos de j\u00f3venes acudieron para compartir y escuchar las experiencias y vivencias de emprendedores, profesionistas, artistas y deportistas como parte de las acciones sociales generadas por el colectivo.<\/p>\n\n\n\n<p>Una de las invitadas fue Nancy B\u00e9nitez, diputada local que ha destacado por su labor en el sector p\u00fablico y su lucha por el reconocimiento de los derechos de las mujeres y grupos vulnerables.&nbsp;<\/p>\n\n\n\n<p>Al respecto, la legisladora reconoci\u00f3 el gran talento de las juventudes, exhort\u00e1ndolos a no detenerse y luchar por sus sue\u00f1os y metas.&nbsp;<\/p>\n\n\n\n<p>En el foro las y los j\u00f3venes conocieron la experiencia de M\u00f3nica Ortiz y su camino de trabajo y esfuerzo para ser la primera oaxaque\u00f1a en llegar a la Administraci\u00f3n Nacional de Aeron\u00e1utica y el Espacio.<\/p>\n\n\n\n<p>De Omar Bernal Santiago, orgulloso xoxe\u00f1o, referente empresarial y social, quien explic\u00f3 su experiencia como emprendedor y activista por el respeto a los derechos de la juventud, en materia de educaci\u00f3n, seguridad, econom\u00eda, salud y de inclusi\u00f3n en temas de bienestar, pol\u00edticas p\u00fablicas y progreso.<\/p>\n\n\n\n<p>As\u00ed mismo, se cont\u00f3 con la participaci\u00f3n de Pablo Barber, destacado exponente a nivel nacional e internacional por sus t\u00e9cnicas innovadoras dentro del mundo de la barber\u00eda; Lalo Mart\u00ednez, tatuador y pintor muralista reconocido en New York, Estados Unidos.<\/p>\n\n\n\n<p>Del cantante y compositor Bernardo G\u00f3mez Adolfo Yael, as\u00ed como del deportista Carlos Alberto Mart\u00ednez L\u00f3pez, quienes compartieron sus experiencias con las y los j\u00f3venes entusiastas que acudieron al Foro y plantearon sus preguntas sobre c\u00f3mo lograr el \u00e9xito y su desarrollo en los diversos \u00e1mbitos, as\u00ed como en acciones sociales y comunitarias a favor de los habitantes de Xoxocotl\u00e1n y Oaxaca.&nbsp;<\/p>\n","protected":false},"excerpt":{"rendered":"<p>Raymundo Morales\/Zona Roja. Oaxaca de Ju\u00e1rez, Oax., 14 de abril de 2024.- El colectivo \u201cNuestro&hellip;<\/p>\n","protected":false},"author":2,"featured_media":67294,"comment_status":"closed","ping_status":"open","sticky":false,"template":"","format":"standard","meta":{"_lmt_disableupdate":"","_lmt_disable":"","_jetpack_memberships_contains_paid_content":false,"footnotes":""},"categories":[109,46],"tags":[3376],"class_list":["post-67293","post","type-post","status-publish","format-standard","has-post-thumbnail","hentry","category-minuto-a-minuto","category-zona-blanca","tag-nancy-benitez"],"jetpack_featured_media_url":"https:\/\/zonaroja.com.mx\/wp-content\/uploads\/2024\/04\/Foro-Nancy-Benitez.jpeg","jetpack_sharing_enabled":true,"_links":{"self":[{"href":"https:\/\/zonaroja.com.mx\/index.php?rest_route=\/wp\/v2\/posts\/67293","targetHints":{"allow":["GET"]}}],"collection":[{"href":"https:\/\/zonaroja.com.mx\/index.php?rest_route=\/wp\/v2\/posts"}],"about":[{"href":"https:\/\/zonaroja.com.mx\/index.php?rest_route=\/wp\/v2\/types\/post"}],"author":[{"embeddable":true,"href":"https:\/\/zonaroja.com.mx\/index.php?rest_route=\/wp\/v2\/users\/2"}],"replies":[{"embeddable":true,"href":"https:\/\/zonaroja.com.mx\/index.php?rest_route=%2Fwp%2Fv2%2Fcomments&post=67293"}],"version-history":[{"count":1,"href":"https:\/\/zonaroja.com.mx\/index.php?rest_route=\/wp\/v2\/posts\/67293\/revisions"}],"predecessor-version":[{"id":67295,"href":"https:\/\/zonaroja.com.mx\/index.php?rest_route=\/wp\/v2\/posts\/67293\/revisions\/67295"}],"wp:featuredmedia":[{"embeddable":true,"href":"https:\/\/zonaroja.com.mx\/index.php?rest_route=\/wp\/v2\/media\/67294"}],"wp:attachment":[{"href":"https:\/\/zonaroja.com.mx\/index.php?rest_route=%2Fwp%2Fv2%2Fmedia&parent=67293"}],"wp:term":[{"taxonomy":"category","embeddable":true,"href":"https:\/\/zonaroja.com.mx\/index.php?rest_route=%2Fwp%2Fv2%2Fcategories&post=67293"},{"taxonomy":"post_tag","embeddable":true,"href":"https:\/\/zonaroja.com.mx\/index.php?rest_route=%2Fwp%2Fv2%2Ftags&post=67293"}],"curies":[{"name":"wp","href":"https:\/\/api.w.org\/{rel}","templated":true}]}}