{"id":67299,"date":"2024-04-14T10:57:00","date_gmt":"2024-04-14T15:57:00","guid":{"rendered":"http:\/\/www.zonaroja.com.mx\/?p=67299"},"modified":"2024-04-14T08:00:50","modified_gmt":"2024-04-14T13:00:50","slug":"condena-la-onu-ataque-de-iran-fueron-300-misiles-contra-israel","status":"publish","type":"post","link":"https:\/\/zonaroja.com.mx\/?p=67299","title":{"rendered":"Condena la ONU ataque de Ir\u00e1n; fueron 300 misiles contra Israel"},"content":{"rendered":"\n<p>Redacci\u00f3n\/Zona Roja Cdmx.<\/p>\n\n\n\n<p>Ciudad de M\u00e9xico, a 14 de abril de 2024.- El secretario general de la ONU, Ant\u00f3nio Guterres, ha condenado la \u00abgrave escalada\u00bb que representa el ataque \u00aba gran escala\u00bb lanzado por Ir\u00e1n contra Israel y se ha mostrado \u00abprofundamente alarmado\u00bb por el riesgo, \u00abmuy real\u00bb, de que haya un \u00abdevastador\u00bb aumento de las tensiones en toda la regi\u00f3n.<\/p>\n\n\n\n<p>Por ello, Guterres ha reclamado el cese \u00abinmediato\u00bb de las hostilidades y ha apelado a la \u00abm\u00e1xima contenci\u00f3n\u00bb de \u00abtodas las partes\u00bb, para \u00abevitar cualquier acci\u00f3n que pueda llevar a un gran enfrentamiento militar en m\u00faltiples frentes en Oriente Pr\u00f3ximo\u00bb.<br>\u00abHe subrayado en reiteradas ocasiones que ni la regi\u00f3n ni el mundo pueden permitirse otra guerra\u00bb, ha afirmado en un comunicado.<br>Poco antes de este mensaje, el embajador israel\u00ed ante la ONU, Gilad Erdan, hab\u00eda recriminado a Guterres que no se hubiese pronunciado. \u00ab\u00bfD\u00f3nde est\u00e1 tu voz? \u00bfD\u00f3nde est\u00e1 tu condena? \u00a1Despierta!\u00bb, reclam\u00f3 en redes sociales Erdan, que en estos \u00faltimos meses ha llegado incluso a pedir la dimisi\u00f3n del m\u00e1ximo responsable de Naciones Unidas.<\/p>\n\n\n\n<p>\u201cCERRADA\u201d, ESCALADA<\/p>\n\n\n\n<p>La misi\u00f3n de Ir\u00e1n ante la Organizaci\u00f3n de Naciones Unidas ONU propuso \u201cdar por cerrada\u201d la escalada con Israel con los drones de ataque y misiles lanzados en la noche del s\u00e1bado al domingo contra Israel en represalia por el bombardeo israel\u00ed sobre el Consulado iran\u00ed en Damasco en el que murieron 16 personas el 1 de abril.<\/p>\n\n\n\n<p>\u201cLa cuesti\u00f3n puede darse por cerrada. Sin embargo, si el r\u00e9gimen israel\u00ed comete otro error, la respuesta de Ir\u00e1n ser\u00e1 considerablemente m\u00e1s severa. Es un conflicto entre Ir\u00e1n y el r\u00e9gimen canalla israel\u00ed del que Estados Unidos debe quedarse al margen\u201d, public\u00f3 la representaci\u00f3n iran\u00ed ante la ONU en un mensaje en X.<\/p>\n\n\n\n<p>El texto argumenta que este ataque se encuadra en cualquier caso en el derecho a la leg\u00edtima defensa reconocido en el Art\u00edculo 51 de la Carta de Naciones Unidas. \u201cLa acci\u00f3n militar de Ir\u00e1n ha sido en respuesta a la agresi\u00f3n del r\u00e9gimen sionista contra nuestras instalaciones diplom\u00e1ticas en Damasco\u201d, resalt\u00f3.<\/p>\n\n\n\n<p>Ir\u00e1n lanz\u00f3 en la noche del s\u00e1bado al domingo al menos 300 drones de ataque y misiles de crucero contra posiciones israel\u00edes.<\/p>\n\n\n\n<p>SESIONA HOY<\/p>\n\n\n\n<p>El Consejo de Seguridad de la ONU se reunir\u00e1 de urgencia el domingo a petici\u00f3n de Israel, un d\u00eda despu\u00e9s de que Ir\u00e1n lanzara en su contra m\u00e1s de 300 drones y misiles en respuesta a un ataque a su consulado en Damasco, anunci\u00f3 la presidencia del organismo.<\/p>\n\n\n\n<p>\u00abPrevemos organizar la reuni\u00f3n ma\u00f1ana a las 16H00\u00bb (20H00 GMT), indic\u00f3 este s\u00e1bado a la prensa un portavoz de la misi\u00f3n diplom\u00e1tica maltesa, que ejerce la presidencia rotativa del Consejo en abril.<\/p>\n\n\n\n<p>En una carta enviada a esa instancia, el embajador israel\u00ed ante la ONU, Gilad Erdan, pidi\u00f3 una reuni\u00f3n \u00abinmediata para condenar inequ\u00edvocamente a Ir\u00e1n por esta grave violaci\u00f3n\u00bb y solicit\u00f3 al Consejo \u00abque act\u00fae para designar como organizaci\u00f3n terrorista\u00bb a la Guardia Revolucionaria, el ej\u00e9rcito ideol\u00f3gico iran\u00ed.<\/p>\n\n\n\n<p>\u00abEs hora de que el Consejo de Seguridad tome medidas concretas contra la amenaza iran\u00ed\u00bb, a\u00f1adi\u00f3, expresando su \u00abindignaci\u00f3n\u00bb por un ataque de una magnitud \u00absin precedentes\u00bb que representa \u00abuna escalada grave y peligrosa\u201d.<\/p>\n\n\n\n<p>(Informaci\u00f3n de las agencias AFP y Europa Press en \u201cLa Jornada\u201d)<\/p>\n","protected":false},"excerpt":{"rendered":"<p>Redacci\u00f3n\/Zona Roja Cdmx. Ciudad de M\u00e9xico, a 14 de abril de 2024.- El secretario general&hellip;<\/p>\n","protected":false},"author":2,"featured_media":67300,"comment_status":"closed","ping_status":"open","sticky":false,"template":"","format":"standard","meta":{"_lmt_disableupdate":"","_lmt_disable":"","_jetpack_memberships_contains_paid_content":false,"footnotes":""},"categories":[109,47],"tags":[3909],"class_list":["post-67299","post","type-post","status-publish","format-standard","has-post-thumbnail","hentry","category-minuto-a-minuto","category-zona-gris","tag-guerra-iran-israel"],"jetpack_featured_media_url":"https:\/\/zonaroja.com.mx\/wp-content\/uploads\/2024\/04\/Iran-ataca-Israel.jpeg","jetpack_sharing_enabled":true,"_links":{"self":[{"href":"https:\/\/zonaroja.com.mx\/index.php?rest_route=\/wp\/v2\/posts\/67299","targetHints":{"allow":["GET"]}}],"collection":[{"href":"https:\/\/zonaroja.com.mx\/index.php?rest_route=\/wp\/v2\/posts"}],"about":[{"href":"https:\/\/zonaroja.com.mx\/index.php?rest_route=\/wp\/v2\/types\/post"}],"author":[{"embeddable":true,"href":"https:\/\/zonaroja.com.mx\/index.php?rest_route=\/wp\/v2\/users\/2"}],"replies":[{"embeddable":true,"href":"https:\/\/zonaroja.com.mx\/index.php?rest_route=%2Fwp%2Fv2%2Fcomments&post=67299"}],"version-history":[{"count":1,"href":"https:\/\/zonaroja.com.mx\/index.php?rest_route=\/wp\/v2\/posts\/67299\/revisions"}],"predecessor-version":[{"id":67301,"href":"https:\/\/zonaroja.com.mx\/index.php?rest_route=\/wp\/v2\/posts\/67299\/revisions\/67301"}],"wp:featuredmedia":[{"embeddable":true,"href":"https:\/\/zonaroja.com.mx\/index.php?rest_route=\/wp\/v2\/media\/67300"}],"wp:attachment":[{"href":"https:\/\/zonaroja.com.mx\/index.php?rest_route=%2Fwp%2Fv2%2Fmedia&parent=67299"}],"wp:term":[{"taxonomy":"category","embeddable":true,"href":"https:\/\/zonaroja.com.mx\/index.php?rest_route=%2Fwp%2Fv2%2Fcategories&post=67299"},{"taxonomy":"post_tag","embeddable":true,"href":"https:\/\/zonaroja.com.mx\/index.php?rest_route=%2Fwp%2Fv2%2Ftags&post=67299"}],"curies":[{"name":"wp","href":"https:\/\/api.w.org\/{rel}","templated":true}]}}