{"id":67305,"date":"2024-04-14T13:00:00","date_gmt":"2024-04-14T18:00:00","guid":{"rendered":"http:\/\/www.zonaroja.com.mx\/?p=67305"},"modified":"2024-04-14T08:23:36","modified_gmt":"2024-04-14T13:23:36","slug":"incesantes-ataques-armados-en-chiapas-zacatecas-sonora","status":"publish","type":"post","link":"https:\/\/zonaroja.com.mx\/?p=67305","title":{"rendered":"Incesantes ataques armados en Chiapas, Zacatecas, Sonora\u2026"},"content":{"rendered":"\n<p>Redacci\u00f3n\/Zona Roja Cdmx.<\/p>\n\n\n\n<p>Ciudad de M\u00e9xico, a 14 de abril de 2024.- Dos personas murieron, una de ellas de 80 a\u00f1os de edad, y tres m\u00e1s fueron heridas de bala durante un ataque ocurrido la tarde de este s\u00e1bado en la colonia Patria Nueva, de Tuxtla Guti\u00e9rrez, Chiapas.<\/p>\n\n\n\n<p>De acuerdo con fuentes polic\u00edacas, sujetos armados que se transportaban en una motocicleta interceptaron a las v\u00edctimas y les dispararon en el \u00e1rea del mercado p\u00fablico de esa colonia, situada en el oriente de la capital del estado, dio a conocer el diario \u201cLa Jornada\u201d.<\/p>\n\n\n\n<p>Una v\u00edctima fue identificada como Luis \u201cN\u00bb, de 80 a\u00f1os, y otra persona m\u00e1s no identificada, as\u00ed como a tres lesionadas identificados como Lilia \u00abN\u00bb, Deny \u00abN\u00bb y Alonso \u00abN\u00bb, quienes fueron trasladados a un hospital para su atenci\u00f3n m\u00e9dica\u201d.<\/p>\n\n\n\n<p>EN ZACATECAS<\/p>\n\n\n\n<p>Tambi\u00e9n, de acuerdo con informaci\u00f3n de \u201cLa Jornada\u201d, tres presuntos integrantes del C\u00e1rtel de Sinaloa murieron y dos m\u00e1s fueron detenidos, tras enfrentarse la madrugada de este s\u00e1bado con polic\u00edas municipales en la ciudad de Jerez de Garc\u00eda Salinas \u2013distante 60 kil\u00f3metros de la capital de Zacatecas-, en una confrontaci\u00f3n armada en la que adem\u00e1s resultaron heridos tres agentes uniformados.<\/p>\n\n\n\n<p>Al mediod\u00eda de este s\u00e1bado, la Secretar\u00eda de Seguridad P\u00fablica inform\u00f3 adem\u00e1s que tras el enfrentamiento armado \u2013que, de acuerdo con habitantes de esta poblaci\u00f3n, se extendi\u00f3 por m\u00e1s de una hora-, fueron incautadas tres armas de fuego largas, dos armas cortas, un lanzagranadas, cargadores, cartuchos y equipo t\u00e1ctico.<\/p>\n\n\n\n<p>De acuerdo con pobladores, el enfrentamiento entre delincuentes y polic\u00edas comenz\u00f3 alrededor de las 03:00 horas, cuando un comando armado incursion\u00f3 en un domicilio de la calle Hacienda del Molino, realizando disparos de arma de fuego, para privar de la libertad a una persona, para luego emprender la huida, tras lo cual fueron halladas por la polic\u00eda y se registr\u00f3 el enfrentamiento.<\/p>\n\n\n\n<p>EN SONORA<\/p>\n\n\n\n<p>De acuerdo con informaci\u00f3n del sitio de internet Infobae M\u00e9xico, un grupo del crimen organizado arroj\u00f3 dos cuerpos cercenados en la carretera Caborca-Desemboque, mismos que fueron hallados durante la ma\u00f1ana de este s\u00e1bado 13 de abril.<\/p>\n\n\n\n<p>De acuerdo con la Mesa Estatal de Seguridad, las primeras l\u00edneas de investigaci\u00f3n apuntan a que estos hechos estar\u00edan vinculadas con grupos del crimen organizado en Caborca, aunque no precis\u00f3 el nombre de los grupos criminales involucrados.<\/p>\n\n\n\n<p>Las autoridades estatales mencionaron que a trav\u00e9s del C5 se tuvo conocimiento del hallazgo de dos cuerpos de sexo masculino cerca de la 06:30 horas de la ma\u00f1ana de este s\u00e1bado.<\/p>\n\n\n\n<p>EN BC<\/p>\n\n\n\n<p>Por otra parte, el diario \u201cLa Jornada\u201d en su sitio en l\u00ednea rese\u00f1a que tres hombres armados asaltaron este s\u00e1bado las oficinas del partido Morena en Mexicali, ubicadas en la Plaza Mandar\u00edn, y horas despu\u00e9s arrojaron parte de su bot\u00edn &#8211; una laptop y un celular &#8211; en una banqueta de la avenida Ayuntamiento y Alfonso Garc\u00eda Gonz\u00e1lez.<\/p>\n\n\n\n<p>De acuerdo con el reporte policiaco, los hombres armados llegaron a la Plaza Mandar\u00edn a bordo de un veh\u00edculo Jetta color azul marino con placas de Anapromex, y entraron a las oficinas de Morena, donde robaron a los que ah\u00ed; dos laptops, tres celulares, bolsos con pertenencias y cuatro visas.<\/p>\n\n\n\n<p>Se implement\u00f3 un operativo de b\u00fasqueda, ya que uno de los celulares ten\u00eda activado un GPS en tiempo real, y al seguirlo, llegaron hasta una banqueta de la avenida Ayuntamiento y Alfonso Garc\u00eda Gonz\u00e1lez, donde encontraron un iPhone 14 Pro Max y una laptop marca Mac M1.<br>RESCATAN A EDIL<\/p>\n\n\n\n<p>En tanto, en Chiapas, elementos de la Polic\u00eda de Investigaci\u00f3n adscritos a la Fiscal\u00eda Antisecuestro y de la Coordinaci\u00f3n de Inteligencia de la Fiscal\u00eda General del Estado (FGE), rescataron con vida a Alfonso G\u00f3mez G\u00f3mez alcalde por usos y costumbres de Santiago El Pinar.<\/p>\n\n\n\n<p>La FGE inform\u00f3 en un comunicado que el edil, quien se encontraba en la colonia Prudencio Moscoso, de San Crist\u00f3bal de Las Casas, fue rescatado durante \u201clas primeras horas de este 13 de abril\u201d, aunque no ofreci\u00f3 m\u00e1s detalles.<\/p>\n\n\n\n<p>G\u00f3mez G\u00f3mez fue secuestrado la tarde del 10 de abril en San Crist\u00f3bal de Las Casas cuando un grupo de hombres armados lo baj\u00f3 de la patrulla de la polic\u00eda municipal en la que viajaba y se lo llev\u00f3, detalla informaci\u00f3n del diario \u201cLa Jornada\u201d.<\/p>\n","protected":false},"excerpt":{"rendered":"<p>Redacci\u00f3n\/Zona Roja Cdmx. Ciudad de M\u00e9xico, a 14 de abril de 2024.- Dos personas murieron,&hellip;<\/p>\n","protected":false},"author":2,"featured_media":67306,"comment_status":"closed","ping_status":"open","sticky":false,"template":"","format":"standard","meta":{"_lmt_disableupdate":"","_lmt_disable":"","_jetpack_memberships_contains_paid_content":false,"footnotes":""},"categories":[109,51],"tags":[1746],"class_list":["post-67305","post","type-post","status-publish","format-standard","has-post-thumbnail","hentry","category-minuto-a-minuto","category-zona-roja","tag-violencia-en-mexico"],"jetpack_featured_media_url":"https:\/\/zonaroja.com.mx\/wp-content\/uploads\/2024\/04\/Operativos-policiacos-Sonora.jpg","jetpack_sharing_enabled":true,"_links":{"self":[{"href":"https:\/\/zonaroja.com.mx\/index.php?rest_route=\/wp\/v2\/posts\/67305","targetHints":{"allow":["GET"]}}],"collection":[{"href":"https:\/\/zonaroja.com.mx\/index.php?rest_route=\/wp\/v2\/posts"}],"about":[{"href":"https:\/\/zonaroja.com.mx\/index.php?rest_route=\/wp\/v2\/types\/post"}],"author":[{"embeddable":true,"href":"https:\/\/zonaroja.com.mx\/index.php?rest_route=\/wp\/v2\/users\/2"}],"replies":[{"embeddable":true,"href":"https:\/\/zonaroja.com.mx\/index.php?rest_route=%2Fwp%2Fv2%2Fcomments&post=67305"}],"version-history":[{"count":1,"href":"https:\/\/zonaroja.com.mx\/index.php?rest_route=\/wp\/v2\/posts\/67305\/revisions"}],"predecessor-version":[{"id":67307,"href":"https:\/\/zonaroja.com.mx\/index.php?rest_route=\/wp\/v2\/posts\/67305\/revisions\/67307"}],"wp:featuredmedia":[{"embeddable":true,"href":"https:\/\/zonaroja.com.mx\/index.php?rest_route=\/wp\/v2\/media\/67306"}],"wp:attachment":[{"href":"https:\/\/zonaroja.com.mx\/index.php?rest_route=%2Fwp%2Fv2%2Fmedia&parent=67305"}],"wp:term":[{"taxonomy":"category","embeddable":true,"href":"https:\/\/zonaroja.com.mx\/index.php?rest_route=%2Fwp%2Fv2%2Fcategories&post=67305"},{"taxonomy":"post_tag","embeddable":true,"href":"https:\/\/zonaroja.com.mx\/index.php?rest_route=%2Fwp%2Fv2%2Ftags&post=67305"}],"curies":[{"name":"wp","href":"https:\/\/api.w.org\/{rel}","templated":true}]}}