{"id":67311,"date":"2024-04-14T14:31:00","date_gmt":"2024-04-14T19:31:00","guid":{"rendered":"http:\/\/www.zonaroja.com.mx\/?p=67311"},"modified":"2024-04-14T08:32:19","modified_gmt":"2024-04-14T13:32:19","slug":"opinion-daran-el-estiron-para-eclipsarnos","status":"publish","type":"post","link":"https:\/\/zonaroja.com.mx\/?p=67311","title":{"rendered":"Opini\u00f3n. \u00bfDar\u00e1n el estir\u00f3n para eclipsarnos?"},"content":{"rendered":"\n<p>Soledad Jarqu\u00edn Edgar*\/SemM\u00e9xico<\/p>\n\n\n\n<p>No lo planearon as\u00ed, pero de esa forma sali\u00f3 y bien para la salud mental de la poblaci\u00f3n. El fracaso del debate domingo pasado fue tan rotundo que dej\u00f3 m\u00e1s dudas que convencimientos para las y los electores no partidistas. Por fortuna para toda la ciudadan\u00eda despu\u00e9s sigui\u00f3 el eclipse que ocup\u00f3 nuestros menesteres y nos hizo olvidar por ese d\u00eda nuestras preocupaciones por lo que tenemos enfrente y a la vuelta de la esquina.<\/p>\n\n\n\n<p>Nada como la real competencia, esa que no hemos alcanzado hasta ahora. Ya se ha comentado en cientos de columnas a lo largo de la semana. El debate pol\u00edtico entre las tres fuerzas que compiten exhibi\u00f3 a las y el participante de cuerpo entero. No lograron eclipsar a posibles votantes.<\/p>\n\n\n\n<p>La candidata del oficialismo como se nombra a Claudia Sheinbaum Pardo sigue cargando sobre su espalda la tarea de sostener la 4T, por venir de ese lugar y cuyo saco sirvi\u00f3 de \u201csparring\u201d, su estrategia fue aguantar, ser concreta y festinar los logros ajenos; X\u00f3chitl G\u00e1lvez Ruiz, a su vez, pelea con sus propios demonios, se le vio inc\u00f3moda, nerviosa, insegura. Acus\u00f3, pero no logr\u00f3 hacer da\u00f1o. Y el representante de la \u201cpol\u00edtica nueva\u201d, Jorge \u00c1lvarez M\u00e1ynez, se vio muy verde, hizo el triste papel de comod\u00edn en la tercia.<\/p>\n\n\n\n<p>La tarea de quien est\u00e1 a frente de una candidatura es convencer al electorado para que voten a su favor. Por mucho tiempo, el partido hegem\u00f3nico, es decir, el PRI, no se preocup\u00f3 de nada, no hab\u00eda por razones diversas, adversarios al frente o bastaba con aplastarlos de una u otra forma. Hoy rescoldos de ese priismo emigraron a Morena, otros envueltos en el camuflaje de puros y santos se fueron a los partidos aliados del partido gobernante.<\/p>\n\n\n\n<p>En el recuerdo de esa historia tenemos la condici\u00f3n de desigualdad real que viv\u00eda M\u00e9xico, sobre todo en tiempos en que el voto se concentraba entre los habitantes del campo, el verdadero voto verde. Hace unas cuatro d\u00e9cadas escuch\u00e9 por primera vez aquella historia que dec\u00eda \u201csi te cae mal el PRI, t\u00e1chalo en la boleta\u201d. Cierto o falso, algo hab\u00eda.<\/p>\n\n\n\n<p>Y no es que el PRI fuera mejor, era el partido en el poder, todo el poder, uno que era casi absoluto, que repart\u00eda despensas, muebles, electrodom\u00e9sticos, cargos p\u00fablicos, fomentaba el cacicazgo pol\u00edtico, cuando las cosas no funcionaban operaban toda clase de artima\u00f1as para ganar: el carrusel, rat\u00f3n loco, la operaci\u00f3n tamal, urnas embarazadas, el robo de urnas, la compra de votos, la u\u00f1a negra y la catafixia y otras muchas, para ganar y ganar por d\u00e9cadas, ten\u00eda todo incluso sus \u201cmapaches\u201d. El vertical priismo se volvi\u00f3 una forma de vida: la palanca, el compadrazgo y un largo etc\u00e9tera.<\/p>\n\n\n\n<p>La hegemon\u00eda priista se qued\u00f3 en el poder por mucho tiempo, 71 a\u00f1os con 13 presidentes entre 1929 con Pascual Ortiz Rubio hasta el 2000 cuando perdi\u00f3 \u201cpor primera vez\u201d la presidencia al ganar el panista Vicente Fox Quezada y sigui\u00f3 Felipe Calder\u00f3n. El PRI volvi\u00f3 un sexenio m\u00e1s con Enrique Pe\u00f1a Nieto en 2012 y sigui\u00f3 Andr\u00e9s Manuel L\u00f3pez Obrador quien se reivindica como el primer presidente mexicano de izquierda.<\/p>\n\n\n\n<p>El poder-poder del priismo fue tal que en las entidades el fen\u00f3meno se repiti\u00f3. Ernesto Ruffo Appel fue el primer gobernador surgido de la oposici\u00f3n, el PAN, hasta 1989; casi una d\u00e9cada despu\u00e9s, Cuauht\u00e9moc C\u00e1rdenas el Partido de la Revoluci\u00f3n Democr\u00e1tica gan\u00f3 la elecci\u00f3n en el Distrito Federal, hoy Ciudad de M\u00e9xico en 1998.<\/p>\n\n\n\n<p>El escenario pol\u00edtico ha cambiado. Tenemos un nuevo partido gobernante que rechaza el pasado, pero que tiende a ser hegem\u00f3nico en todo el pa\u00eds. As\u00ed vemos c\u00f3mo se ha revertido, la mitad del pa\u00eds est\u00e1 gobernado por Morena, cinco m\u00e1s el PAN, y el PRI solo dos, al igual que Movimiento Ciudadano y solo uno PES y PVEM.<\/p>\n\n\n\n<p>El 1 de octubre, es decir en poco m\u00e1s de cinco meses, tendremos una presidenta. Antes, el 2 de junio, m\u00e1s de 100 millones de mexicanos y mexicanas podr\u00e1n acudir a las urnas en la elecci\u00f3n m\u00e1s grande y hasta hoy m\u00e1s violenta de la historia, votar o no votar depende del trabajo que hagan quienes aspiran al cargo pol\u00edtico m\u00e1s importante del pa\u00eds.<\/p>\n\n\n\n<p>El debate del pasado domingo fue una debacle. Hay quienes festinan que gan\u00f3 tal o cual candidata, todo depende de quien lo diga o escriba. Hay quienes pensamos que ni la una ni la otra. Porque los partidarios de tal o cual partido, est\u00e1n ya seguros cada uno por su lado e ilusiones que ganar\u00e1 su candidata, pero el gran peso est\u00e1 sobre las y los no partidarios, en la ciudadan\u00eda sin partido.<\/p>\n\n\n\n<p>Un dato, hasta agosto de 2023, el padr\u00f3n de afiliados a uno de los siete partidos pol\u00edticos nacionales (PAN-PRI-PRD-PT-PVEM-MC-Morena) del INE nos lleva a la conclusi\u00f3n de solo seis de cada 100 posibles votantes, personas con credencial, est\u00e1n afiliados a uno de esos partidos pol\u00edticos. https:\/\/www.ine.mx\/actores-politicos\/partidos-politicos-nacionales\/padron-afiliados\/<\/p>\n\n\n\n<p>Har\u00edan bien las candidatas si salieron de sus espacios de comodidad partidista para convencer a 94 de cada cien que siguen con la duda y no tienen compromisos en ning\u00fan partido pol\u00edtico. En espec\u00edfico, buena parte de las electoras sabemos la importancia de este proceso que ser\u00e1 hist\u00f3rico para todas. Doscientos a\u00f1os desde el primer llamado p\u00fablico a participar en pol\u00edtica, setenta a\u00f1os despu\u00e9s del derecho al voto universal y 10 a\u00f1os despu\u00e9s de la paridad, habr\u00e1 presidenta. Falta poco para el 2 de junio, la pregunta es si las candidatas dar\u00e1n el estir\u00f3n para eclipsarnos.<\/p>\n\n\n\n<p>*Periodista y activista feminista de Oaxaca.<\/p>\n","protected":false},"excerpt":{"rendered":"<p>Soledad Jarqu\u00edn Edgar*\/SemM\u00e9xico No lo planearon as\u00ed, pero de esa forma sali\u00f3 y bien para&hellip;<\/p>\n","protected":false},"author":2,"featured_media":52718,"comment_status":"closed","ping_status":"open","sticky":false,"template":"","format":"standard","meta":{"_lmt_disableupdate":"","_lmt_disable":"","_jetpack_memberships_contains_paid_content":false,"footnotes":""},"categories":[456,109],"tags":[1105],"class_list":["post-67311","post","type-post","status-publish","format-standard","has-post-thumbnail","hentry","category-columna","category-minuto-a-minuto","tag-soledad-jarquin-edgar"],"jetpack_featured_media_url":"https:\/\/zonaroja.com.mx\/wp-content\/uploads\/2023\/03\/Soledad-Jarquin-.jpeg","jetpack_sharing_enabled":true,"_links":{"self":[{"href":"https:\/\/zonaroja.com.mx\/index.php?rest_route=\/wp\/v2\/posts\/67311","targetHints":{"allow":["GET"]}}],"collection":[{"href":"https:\/\/zonaroja.com.mx\/index.php?rest_route=\/wp\/v2\/posts"}],"about":[{"href":"https:\/\/zonaroja.com.mx\/index.php?rest_route=\/wp\/v2\/types\/post"}],"author":[{"embeddable":true,"href":"https:\/\/zonaroja.com.mx\/index.php?rest_route=\/wp\/v2\/users\/2"}],"replies":[{"embeddable":true,"href":"https:\/\/zonaroja.com.mx\/index.php?rest_route=%2Fwp%2Fv2%2Fcomments&post=67311"}],"version-history":[{"count":1,"href":"https:\/\/zonaroja.com.mx\/index.php?rest_route=\/wp\/v2\/posts\/67311\/revisions"}],"predecessor-version":[{"id":67312,"href":"https:\/\/zonaroja.com.mx\/index.php?rest_route=\/wp\/v2\/posts\/67311\/revisions\/67312"}],"wp:featuredmedia":[{"embeddable":true,"href":"https:\/\/zonaroja.com.mx\/index.php?rest_route=\/wp\/v2\/media\/52718"}],"wp:attachment":[{"href":"https:\/\/zonaroja.com.mx\/index.php?rest_route=%2Fwp%2Fv2%2Fmedia&parent=67311"}],"wp:term":[{"taxonomy":"category","embeddable":true,"href":"https:\/\/zonaroja.com.mx\/index.php?rest_route=%2Fwp%2Fv2%2Fcategories&post=67311"},{"taxonomy":"post_tag","embeddable":true,"href":"https:\/\/zonaroja.com.mx\/index.php?rest_route=%2Fwp%2Fv2%2Ftags&post=67311"}],"curies":[{"name":"wp","href":"https:\/\/api.w.org\/{rel}","templated":true}]}}