{"id":67316,"date":"2024-04-14T20:37:16","date_gmt":"2024-04-15T01:37:16","guid":{"rendered":"http:\/\/www.zonaroja.com.mx\/?p=67316"},"modified":"2024-04-14T20:37:17","modified_gmt":"2024-04-15T01:37:17","slug":"asesinan-a-individuo-en-tehuantepec-balacera-en-san-blas-atempa","status":"publish","type":"post","link":"https:\/\/zonaroja.com.mx\/?p=67316","title":{"rendered":"Asesinan a individuo en Tehuantepec; balacera en San Blas Atempa"},"content":{"rendered":"\n<p>Raymundo Morales\/Zona Roja.<\/p>\n\n\n\n<p>Oaxaca de Ju\u00e1rez, Oax., a 14 de abril de 2024.- Una persona del sexo masculino fue asesinada a balazos en Santo Domingo Tehuantepec y otra m\u00e1s result\u00f3 lesionada.<\/p>\n\n\n\n<p>El ataque armado ocurri\u00f3 esta ma\u00f1ana en ese municipio de la regi\u00f3n del Istmo, en inmediaciones de la colonia La Raza; las v\u00edctimas como pudieron pidieron y abordaron un taxi que los llevaba al hospital, pero en el trayecto uno de ellos falleci\u00f3.<\/p>\n\n\n\n<p>Polic\u00edas municipales no se hallaban cerca de la zona por lo cual no pudieron hallar a los agresores. Las v\u00edctimas a\u00fan no han sido identificadas y personal de la Fiscal\u00eda General del Estado de Oaxaca inici\u00f3 las indagatorias.<\/p>\n\n\n\n<p>EN SAN BLAS<\/p>\n\n\n\n<p>Por otra parte, esta tarde se registr\u00f3 una agresi\u00f3n armada en Villa de San Blas Atempa, municipio conurbado a Tehuantepec, en contra de una persona.<\/p>\n\n\n\n<p>De manera preliminar se dio a conocer que la v\u00edctima falleci\u00f3, aunque no ha sido confirmado por las autoridades locales y estatales.<\/p>\n\n\n\n<p>El ataque ocurri\u00f3 en la colonia Nueva Creaci\u00f3n, en inmediaciones de una escuela secundaria, donde cay\u00f3 el sujeto a\u00fan no identificado, mientras que los agresores escaparon.<\/p>\n\n\n\n<p>EN SALINA CRUZ<\/p>\n\n\n\n<p>Mientras tanto en la agencia de Boca del R\u00edo, del municipio de Salina Cruz, fue localizado un cuerpo sin vida y en estado de putrefacci\u00f3n.<\/p>\n\n\n\n<p>Debido al avanzado estado de descomposici\u00f3n, la v\u00edctima a\u00fan no ha sido identificada y tampoco se tiene precisada las razones por las cuales falleci\u00f3.<\/p>\n","protected":false},"excerpt":{"rendered":"<p>Raymundo Morales\/Zona Roja. Oaxaca de Ju\u00e1rez, Oax., a 14 de abril de 2024.- Una persona&hellip;<\/p>\n","protected":false},"author":2,"featured_media":67317,"comment_status":"closed","ping_status":"open","sticky":false,"template":"","format":"standard","meta":{"_lmt_disableupdate":"","_lmt_disable":"","_jetpack_memberships_contains_paid_content":false,"footnotes":""},"categories":[109,51],"tags":[125],"class_list":["post-67316","post","type-post","status-publish","format-standard","has-post-thumbnail","hentry","category-minuto-a-minuto","category-zona-roja","tag-santo-domingo-tehuantepec"],"jetpack_featured_media_url":"https:\/\/zonaroja.com.mx\/wp-content\/uploads\/2024\/04\/Asesinado-Tehuantepec-14-abril.jpg","jetpack_sharing_enabled":true,"_links":{"self":[{"href":"https:\/\/zonaroja.com.mx\/index.php?rest_route=\/wp\/v2\/posts\/67316","targetHints":{"allow":["GET"]}}],"collection":[{"href":"https:\/\/zonaroja.com.mx\/index.php?rest_route=\/wp\/v2\/posts"}],"about":[{"href":"https:\/\/zonaroja.com.mx\/index.php?rest_route=\/wp\/v2\/types\/post"}],"author":[{"embeddable":true,"href":"https:\/\/zonaroja.com.mx\/index.php?rest_route=\/wp\/v2\/users\/2"}],"replies":[{"embeddable":true,"href":"https:\/\/zonaroja.com.mx\/index.php?rest_route=%2Fwp%2Fv2%2Fcomments&post=67316"}],"version-history":[{"count":1,"href":"https:\/\/zonaroja.com.mx\/index.php?rest_route=\/wp\/v2\/posts\/67316\/revisions"}],"predecessor-version":[{"id":67318,"href":"https:\/\/zonaroja.com.mx\/index.php?rest_route=\/wp\/v2\/posts\/67316\/revisions\/67318"}],"wp:featuredmedia":[{"embeddable":true,"href":"https:\/\/zonaroja.com.mx\/index.php?rest_route=\/wp\/v2\/media\/67317"}],"wp:attachment":[{"href":"https:\/\/zonaroja.com.mx\/index.php?rest_route=%2Fwp%2Fv2%2Fmedia&parent=67316"}],"wp:term":[{"taxonomy":"category","embeddable":true,"href":"https:\/\/zonaroja.com.mx\/index.php?rest_route=%2Fwp%2Fv2%2Fcategories&post=67316"},{"taxonomy":"post_tag","embeddable":true,"href":"https:\/\/zonaroja.com.mx\/index.php?rest_route=%2Fwp%2Fv2%2Ftags&post=67316"}],"curies":[{"name":"wp","href":"https:\/\/api.w.org\/{rel}","templated":true}]}}