{"id":67319,"date":"2024-04-14T21:57:01","date_gmt":"2024-04-15T02:57:01","guid":{"rendered":"http:\/\/www.zonaroja.com.mx\/?p=67319"},"modified":"2024-04-14T21:57:02","modified_gmt":"2024-04-15T02:57:02","slug":"crean-en-oaxaca-comite-ciudadano-en-apoyo-a-xochitl-galvez","status":"publish","type":"post","link":"https:\/\/zonaroja.com.mx\/?p=67319","title":{"rendered":"Crean en Oaxaca comit\u00e9 ciudadano en apoyo a X\u00f3chitl G\u00e1lvez"},"content":{"rendered":"\n<p>Ismael Garc\u00eda M.\/Zona Roja.<\/p>\n\n\n\n<p>Oaxaca de Ju\u00e1rez, Oax., a 14 de abril de 2024.- Militantes y ex militantes de diversos institutos pol\u00edticos, as\u00ed como personas sin partido, crearon en Oaxaca un comit\u00e9 ciudadano en apoyo a X\u00f3chitl G\u00e1lvez Ruiz.<\/p>\n\n\n\n<p>Este domingo fue presentada la agrupaci\u00f3n y tiene como prop\u00f3sito incluir a todas y todos para consolidar un M\u00e9xico mejor, anteponiendo el inter\u00e9s supremo del pa\u00eds por encima de cualquier diferencia.<\/p>\n\n\n\n<p>Lo conforman, entre otros, el ex gobernador oaxaque\u00f1o Ulises Ruiz Ortiz, Gerardo Garc\u00eda Henestrosa, Mar\u00eda Elena Garc\u00eda L\u00f3pez, Esteban Ortiz Rodea, Cipriano Flores Cruz, Jorge Toledo Luis, Manolo Le\u00f3n S\u00e1nchez, Jorge Valencia Arroyo, Jos\u00e9 Antonio Hern\u00e1ndez Fraguas y C\u00e9sar Ch\u00e1vez \u00c1vila.<\/p>\n\n\n\n<p>\u201cM\u00e9xico est\u00e1 en la encrucijada de su historia: el camino a la democracia o la regresi\u00f3n autoritaria; ante este dilema, la ciudadan\u00eda oaxaque\u00f1a nos henos constituido en unidad democr\u00e1tica para salvar a M\u00e9xico de continuar en el caos, la violencia y la muerte de miles de mexicanos a que nos ha conducido AMLO (Andr\u00e9s Manuel L\u00f3pez Obrador)\u201d, es parte del pronunciamiento emitido este domingo.<\/p>\n\n\n\n<p>En el comunicado que ley\u00f3 Edna Liliana S\u00e1nchez, se hizo un llamado a la sociedad en general a evitar la destrucci\u00f3n fomentada desde el Palacio Nacional.<\/p>\n\n\n\n<p>\u201cLa inseguridad que pone en peligro nuestras vidas es la prioridad de X\u00f3chitl G\u00e1lvez, as\u00ed como la resoluci\u00f3n a los graves problemas de salud p\u00fablica y las deficiencias del sistema econ\u00f3mico.<\/p>\n\n\n\n<p>\u201cHacemos un en\u00e9rgico llamado a los partidos y a las y los candidatos de la coalici\u00f3n \u2018Fuerza y Coraz\u00f3n por M\u00e9xico\u00b4 para escuchar la preocupaci\u00f3n de la ciudadan\u00eda oaxaque\u00f1a y redoblar esfuerzos para que nuestra candidata X\u00f3chitl G\u00e1lvez, orgullosa Otom\u00ed, sea la pr\u00f3xima Presidenta de la Rep\u00fablica y conduzca los destinos democr\u00e1ticos de M\u00e9xico\u201d, se dio a conocer.<\/p>\n\n\n\n<p>En su intervenci\u00f3n, Ulises Ruiz Ortiz, ex gobernador de Oaxaca, lament\u00f3 que L\u00f3pez Obrador est\u00e9 promoviendo una elecci\u00f3n de Estado y se encuentra desesperado ante la menguada campa\u00f1a de Claudia Sheinbaum.<\/p>\n\n\n\n<p>\u201cAqu\u00ed vienen trabajando diferentes grupos, de forma muy seria; est\u00e1n pr\u00e1cticamente repartidos en las ocho regiones. Son en su mayor\u00eda ciudadanos pero tambi\u00e9n hay ex diputados, ex senadores, ex presidentes municipales, miembros de diferentes partidos y la idea es apoyar a X\u00f3chitl G\u00e1lvez\u201d, abund\u00f3 el ex mandatario.<\/p>\n\n\n\n<figure class=\"wp-block-embed\"><div class=\"wp-block-embed__wrapper\">\nhttps:\/\/x.com\/ZonaRoja_Oaxaca\/status\/1779693531684049206\n<\/div><\/figure>\n","protected":false},"excerpt":{"rendered":"<p>Ismael Garc\u00eda M.\/Zona Roja. Oaxaca de Ju\u00e1rez, Oax., a 14 de abril de 2024.- Militantes&hellip;<\/p>\n","protected":false},"author":2,"featured_media":67320,"comment_status":"closed","ping_status":"open","sticky":false,"template":"","format":"standard","meta":{"_lmt_disableupdate":"","_lmt_disable":"","_jetpack_memberships_contains_paid_content":false,"footnotes":""},"categories":[109,46],"tags":[749,3601],"class_list":["post-67319","post","type-post","status-publish","format-standard","has-post-thumbnail","hentry","category-minuto-a-minuto","category-zona-blanca","tag-ulises-ruiz-ortiz","tag-xochitl-galvez-ruiz"],"jetpack_featured_media_url":"https:\/\/zonaroja.com.mx\/wp-content\/uploads\/2024\/04\/Comite-ciudadano-en-apoyo-a-Xochitl-Galvez-Ulises-Ruiz.jpg","jetpack_sharing_enabled":true,"_links":{"self":[{"href":"https:\/\/zonaroja.com.mx\/index.php?rest_route=\/wp\/v2\/posts\/67319","targetHints":{"allow":["GET"]}}],"collection":[{"href":"https:\/\/zonaroja.com.mx\/index.php?rest_route=\/wp\/v2\/posts"}],"about":[{"href":"https:\/\/zonaroja.com.mx\/index.php?rest_route=\/wp\/v2\/types\/post"}],"author":[{"embeddable":true,"href":"https:\/\/zonaroja.com.mx\/index.php?rest_route=\/wp\/v2\/users\/2"}],"replies":[{"embeddable":true,"href":"https:\/\/zonaroja.com.mx\/index.php?rest_route=%2Fwp%2Fv2%2Fcomments&post=67319"}],"version-history":[{"count":1,"href":"https:\/\/zonaroja.com.mx\/index.php?rest_route=\/wp\/v2\/posts\/67319\/revisions"}],"predecessor-version":[{"id":67321,"href":"https:\/\/zonaroja.com.mx\/index.php?rest_route=\/wp\/v2\/posts\/67319\/revisions\/67321"}],"wp:featuredmedia":[{"embeddable":true,"href":"https:\/\/zonaroja.com.mx\/index.php?rest_route=\/wp\/v2\/media\/67320"}],"wp:attachment":[{"href":"https:\/\/zonaroja.com.mx\/index.php?rest_route=%2Fwp%2Fv2%2Fmedia&parent=67319"}],"wp:term":[{"taxonomy":"category","embeddable":true,"href":"https:\/\/zonaroja.com.mx\/index.php?rest_route=%2Fwp%2Fv2%2Fcategories&post=67319"},{"taxonomy":"post_tag","embeddable":true,"href":"https:\/\/zonaroja.com.mx\/index.php?rest_route=%2Fwp%2Fv2%2Ftags&post=67319"}],"curies":[{"name":"wp","href":"https:\/\/api.w.org\/{rel}","templated":true}]}}