{"id":67325,"date":"2024-04-14T22:43:01","date_gmt":"2024-04-15T03:43:01","guid":{"rendered":"http:\/\/www.zonaroja.com.mx\/?p=67325"},"modified":"2024-04-14T22:43:02","modified_gmt":"2024-04-15T03:43:02","slug":"opinion-por-que-se-apuesta-a-la-guerra-en-chiapas","status":"publish","type":"post","link":"https:\/\/zonaroja.com.mx\/?p=67325","title":{"rendered":"Opini\u00f3n. \u00bfPor qu\u00e9 se apuesta a la guerra en Chiapas?"},"content":{"rendered":"\n<p>Diego Enrique Osorno*<\/p>\n\n\n\n<p>La violencia incesante y cada vez m\u00e1s alarmante de Chiapas no puede entenderse como un fen\u00f3meno homogeneo. En medio del racismo, discriminaci\u00f3n y desigualdad estructurales, el modelo neodesarrollista militar impulsado por el actual gobierno federal&nbsp;ha generado una muy diversa y siniestra presencia de grupos armados que est\u00e1n usando la fuerza para buscar control social, pol\u00edtico, econ\u00f3mico y territorial.<\/p>\n\n\n\n<p>El Centro de Derechos Humanos \u201cFray Bartolom\u00e9 de las Casas\u201d&nbsp;ha venido radiografiando la situaci\u00f3n en m\u00faltiples informes, foros y pronunciamientos&nbsp;sin que exista una reacci\u00f3n de autoridades ni la sociedad civil en general.<\/p>\n\n\n\n<p>Al cumplirse 105 a\u00f1os de la muerte de Zapata, comenzaremos a compartir en este espacio una serie de s\u00edntesis de dicho diagn\u00f3stico, a trav\u00e9s de claves se\u00f1aladas por Carlos Ogaz, integrante de la organizaci\u00f3n fundada por el obispo Samuel Ruiz:<\/p>\n\n\n\n<p>-La violencia actual est\u00e1 marcada por una continuidad de la contrainsurgencia que viene de la \u00e9poca del alzamiento del EZLN, pero tambi\u00e9n por una impunidad fomentada por actores estatales que abonan al despojo, la explotaci\u00f3n y la marginaci\u00f3n social.<\/p>\n\n\n\n<p>-Esta violencia ha dejado graves violaciones a los derechos humanos. Destacan las situaciones de desplazamiento forzado masivo e intermitentes, desapariciones, despojo de tierra, asesinatos y torturas.<\/p>\n\n\n\n<p>-Existe una remilitarizaci\u00f3n y un comprobado espionaje en aumento por parte de la Sedena.<\/p>\n\n\n\n<p>-Los derechos de los pueblos originarios y de los pueblos hist\u00f3ricos est\u00e1n quedando en segundo plano, tras catalogar como asuntos de seguridad nacional los proyectos de desarrollo o la construcci\u00f3n de infraestructura militar en territorios ind\u00edgenas, en detrimento de los derechos a la autonom\u00eda y a la autodeterminaci\u00f3n de los pueblos.<\/p>\n\n\n\n<p>-Desde julio de&nbsp;2021, tras el asesinato en Tuxtla de una persona vinculada a uno de los grupos criminales en disputa, comenzaron enfrentamientos en diversas regiones&nbsp;hasta tomar paulatinamente el control de municipios del centro, de los altos, de la selva y, particularmente, de la franja fronteriza.<\/p>\n\n\n\n<p>En una siguiente entrega&nbsp;abordaremos el escenario de guerra en la frontera, los elementos de control poblacional, la cooptaci\u00f3n forzada de organizaciones y el estatus actual del paramilitarismo impulsado por el Ej\u00e9rcito en los noventa en contra del EZLN.<\/p>\n\n\n\n<p>*Escritor y periodista.<\/p>\n\n\n\n<p>@DiegoEOsorno<\/p>\n","protected":false},"excerpt":{"rendered":"<p>Diego Enrique Osorno* La violencia incesante y cada vez m\u00e1s alarmante de Chiapas no puede&hellip;<\/p>\n","protected":false},"author":2,"featured_media":48560,"comment_status":"closed","ping_status":"open","sticky":false,"template":"","format":"standard","meta":{"_lmt_disableupdate":"","_lmt_disable":"","_jetpack_memberships_contains_paid_content":false,"footnotes":""},"categories":[456,109],"tags":[3020],"class_list":["post-67325","post","type-post","status-publish","format-standard","has-post-thumbnail","hentry","category-columna","category-minuto-a-minuto","tag-diego-enrique-osorno"],"jetpack_featured_media_url":"https:\/\/zonaroja.com.mx\/wp-content\/uploads\/2022\/11\/Diego-Enrique-Osorno.jpeg","jetpack_sharing_enabled":true,"_links":{"self":[{"href":"https:\/\/zonaroja.com.mx\/index.php?rest_route=\/wp\/v2\/posts\/67325","targetHints":{"allow":["GET"]}}],"collection":[{"href":"https:\/\/zonaroja.com.mx\/index.php?rest_route=\/wp\/v2\/posts"}],"about":[{"href":"https:\/\/zonaroja.com.mx\/index.php?rest_route=\/wp\/v2\/types\/post"}],"author":[{"embeddable":true,"href":"https:\/\/zonaroja.com.mx\/index.php?rest_route=\/wp\/v2\/users\/2"}],"replies":[{"embeddable":true,"href":"https:\/\/zonaroja.com.mx\/index.php?rest_route=%2Fwp%2Fv2%2Fcomments&post=67325"}],"version-history":[{"count":1,"href":"https:\/\/zonaroja.com.mx\/index.php?rest_route=\/wp\/v2\/posts\/67325\/revisions"}],"predecessor-version":[{"id":67326,"href":"https:\/\/zonaroja.com.mx\/index.php?rest_route=\/wp\/v2\/posts\/67325\/revisions\/67326"}],"wp:featuredmedia":[{"embeddable":true,"href":"https:\/\/zonaroja.com.mx\/index.php?rest_route=\/wp\/v2\/media\/48560"}],"wp:attachment":[{"href":"https:\/\/zonaroja.com.mx\/index.php?rest_route=%2Fwp%2Fv2%2Fmedia&parent=67325"}],"wp:term":[{"taxonomy":"category","embeddable":true,"href":"https:\/\/zonaroja.com.mx\/index.php?rest_route=%2Fwp%2Fv2%2Fcategories&post=67325"},{"taxonomy":"post_tag","embeddable":true,"href":"https:\/\/zonaroja.com.mx\/index.php?rest_route=%2Fwp%2Fv2%2Ftags&post=67325"}],"curies":[{"name":"wp","href":"https:\/\/api.w.org\/{rel}","templated":true}]}}