{"id":67330,"date":"2024-04-15T09:26:00","date_gmt":"2024-04-15T14:26:00","guid":{"rendered":"http:\/\/www.zonaroja.com.mx\/?p=67330"},"modified":"2024-04-15T09:42:02","modified_gmt":"2024-04-15T14:42:02","slug":"entre-reclamos-iran-israel-sesion-de-la-onu-tras-conflicto","status":"publish","type":"post","link":"https:\/\/zonaroja.com.mx\/?p=67330","title":{"rendered":"Entre reclamos Ir\u00e1n-Israel, sesi\u00f3n de la ONU tras conflicto"},"content":{"rendered":"\n<p>Redacci\u00f3n\/Zona Roja Cdmx.<\/p>\n\n\n\n<p>Ciudad de M\u00e9xico, a 15 de abril de 2024.- \u201dNi la regi\u00f3n ni el mundo pueden permitirse m\u00e1s guerras\u00bb, clam\u00f3 este domingo el secretario general de la ONU, Ant\u00f3nio Guterres, al exigir \u00abm\u00e1xima moderaci\u00f3n\u00bb en una reuni\u00f3n de emergencia del Consejo de Seguridad convocada tras el ataque con drones y misiles de Ir\u00e1n a Israel.<\/p>\n\n\n\n<p>\u00abOriente Medio est\u00e1 al borde del precipicio. Los pueblos de la regi\u00f3n se enfrentan a un peligro real de conflicto generalizado y devastador. Este es un momento para la desescalada y la distensi\u00f3n. Es el momento de mostrar la m\u00e1xima moderaci\u00f3n\u00bb, insisti\u00f3.<\/p>\n\n\n\n<p>\u00abEs vital evitar cualquier acci\u00f3n que pueda conducir a grandes enfrentamientos militares en m\u00faltiples frentes en Oriente Medio\u00bb, a\u00f1adi\u00f3.<\/p>\n\n\n\n<p>\u00abNi la regi\u00f3n ni el mundo pueden permitirse m\u00e1s guerras\u00bb, insisti\u00f3.<\/p>\n\n\n\n<p>El secretario general reiter\u00f3 tambi\u00e9n su condena al ataque lanzado el s\u00e1bado por Ir\u00e1n contra Israel, denunciando una \u00abgrave escalada\u00bb. Fustig\u00f3 al mismo tiempo una vez m\u00e1s el ataque contra el consulado iran\u00ed en Damasco el 1 de abril atribuido a Israel, subrayando el \u00abprincipio de inviolabilidad\u00bb de las representaciones diplom\u00e1ticas.<\/p>\n\n\n\n<p>Seg\u00fan el ej\u00e9rcito israel\u00ed, Ir\u00e1n envi\u00f3 \u00abun enjambre de 300 drones asesinos, misiles bal\u00edsticos y misiles crucero\u00bb durante la noche del s\u00e1bado al domingo, un ataque que los israel\u00edes afirman haber frustrado en gran medida.<\/p>\n\n\n\n<p>Desde la revoluci\u00f3n iran\u00ed de 1979, Israel ha sido el enemigo jurado de la Rep\u00fablica Isl\u00e1mica.<\/p>\n\n\n\n<p>Pero hasta ahora Teher\u00e1n se hab\u00eda abstenido de atacar frontalmente a Israel y los dos pa\u00edses estaban acostumbrados a enfrentarse a trav\u00e9s de terceros, como el Hezbol\u00e1 liban\u00e9s.<\/p>\n\n\n\n<p>La ofensiva iran\u00ed, bautizada como \u00abPromesa honesta\u00bb, es una respuesta al ataque que destruy\u00f3 el consulado iran\u00ed en Damasco y cost\u00f3 la vida a siete miembros de la Guardia Revolucionaria.<\/p>\n\n\n\n<p>Ir\u00e1n acus\u00f3 a Israel de ese hecho, que ni lo confirm\u00f3 ni lo neg\u00f3.<\/p>\n\n\n\n<p>Este ataque se produjo m\u00e1s de seis meses despu\u00e9s del inicio de la ofensiva liderada por Israel en la Franja de Gaza contra el grupo palestino Hamas, apoyado por Ir\u00e1n, que aument\u00f3 aun m\u00e1s las tensiones entre los dos pa\u00edses enemigos.<\/p>\n\n\n\n<p>Guterres volvi\u00f3 a pedir el domingo un \u00abalto el fuego inmediato\u00bb en Gaza y la liberaci\u00f3n de los rehenes tomados por Hamas durante su ataque contra Israel del 7 de octubre, que inici\u00f3 el conflicto en el territorio palestino.<\/p>\n\n\n\n<p>(Informaci\u00f3n de agencias en \u201cLa Jornada\u201d)<\/p>\n","protected":false},"excerpt":{"rendered":"<p>Redacci\u00f3n\/Zona Roja Cdmx. Ciudad de M\u00e9xico, a 15 de abril de 2024.- \u201dNi la regi\u00f3n&hellip;<\/p>\n","protected":false},"author":2,"featured_media":67332,"comment_status":"closed","ping_status":"open","sticky":false,"template":"","format":"standard","meta":{"_lmt_disableupdate":"","_lmt_disable":"","_jetpack_memberships_contains_paid_content":false,"footnotes":""},"categories":[109,47],"tags":[3909],"class_list":["post-67330","post","type-post","status-publish","format-standard","has-post-thumbnail","hentry","category-minuto-a-minuto","category-zona-gris","tag-guerra-iran-israel"],"jetpack_featured_media_url":"https:\/\/zonaroja.com.mx\/wp-content\/uploads\/2024\/04\/Iran-Israel-conflicto.jpeg","jetpack_sharing_enabled":true,"_links":{"self":[{"href":"https:\/\/zonaroja.com.mx\/index.php?rest_route=\/wp\/v2\/posts\/67330","targetHints":{"allow":["GET"]}}],"collection":[{"href":"https:\/\/zonaroja.com.mx\/index.php?rest_route=\/wp\/v2\/posts"}],"about":[{"href":"https:\/\/zonaroja.com.mx\/index.php?rest_route=\/wp\/v2\/types\/post"}],"author":[{"embeddable":true,"href":"https:\/\/zonaroja.com.mx\/index.php?rest_route=\/wp\/v2\/users\/2"}],"replies":[{"embeddable":true,"href":"https:\/\/zonaroja.com.mx\/index.php?rest_route=%2Fwp%2Fv2%2Fcomments&post=67330"}],"version-history":[{"count":1,"href":"https:\/\/zonaroja.com.mx\/index.php?rest_route=\/wp\/v2\/posts\/67330\/revisions"}],"predecessor-version":[{"id":67333,"href":"https:\/\/zonaroja.com.mx\/index.php?rest_route=\/wp\/v2\/posts\/67330\/revisions\/67333"}],"wp:featuredmedia":[{"embeddable":true,"href":"https:\/\/zonaroja.com.mx\/index.php?rest_route=\/wp\/v2\/media\/67332"}],"wp:attachment":[{"href":"https:\/\/zonaroja.com.mx\/index.php?rest_route=%2Fwp%2Fv2%2Fmedia&parent=67330"}],"wp:term":[{"taxonomy":"category","embeddable":true,"href":"https:\/\/zonaroja.com.mx\/index.php?rest_route=%2Fwp%2Fv2%2Fcategories&post=67330"},{"taxonomy":"post_tag","embeddable":true,"href":"https:\/\/zonaroja.com.mx\/index.php?rest_route=%2Fwp%2Fv2%2Ftags&post=67330"}],"curies":[{"name":"wp","href":"https:\/\/api.w.org\/{rel}","templated":true}]}}