{"id":67342,"date":"2024-04-15T16:24:11","date_gmt":"2024-04-15T21:24:11","guid":{"rendered":"http:\/\/www.zonaroja.com.mx\/?p=67342"},"modified":"2024-04-15T16:24:12","modified_gmt":"2024-04-15T21:24:12","slug":"masacran-a-seis-personas-este-lunes-en-san-luis-potosi","status":"publish","type":"post","link":"https:\/\/zonaroja.com.mx\/?p=67342","title":{"rendered":"Masacran a seis personas este lunes en San Luis Potos\u00ed"},"content":{"rendered":"\n<p>Redacci\u00f3n\/Zona Roja Cdmx.<\/p>\n\n\n\n<p>Ciudad de M\u00e9xico, a 15 de abril de 2024.- Autoridades de San Luis Potos\u00ed localizaron los cuerpos de seis personas este lunes por la ma\u00f1ana.<\/p>\n\n\n\n<p>Por medio de un comunicado, la Fiscal\u00eda estatal indic\u00f3 que el hallazgo ocurri\u00f3 al interior de un domicilio en la delegaci\u00f3n La Pila, hecho por el cual ya se abri\u00f3 la carpeta de investigaci\u00f3n correspondiente.<\/p>\n\n\n\n<p>\u201cDe acuerdo a los primeros datos, el suceso est\u00e1 relacionado con la disputa de grupos de la delincuencia organizada que operan en la zona\u201d, se apunt\u00f3 en el bolet\u00edn de prensa.<\/p>\n\n\n\n<p>Por lo anterior, la Direcci\u00f3n General de M\u00e9todos de Investigaci\u00f3n (DGMI) se traslad\u00f3 a la calle Benito Ju\u00e1rez de la comunidad El Jaralito, a fin de iniciar con las primeras indagatorias.<\/p>\n\n\n\n<p>Personal del Servicio M\u00e9dico Legal (Semele) acudi\u00f3 al sitio se\u00f1alado para realizar el levantamiento de los cuerpos, a\u00fan sin identificar, a fin de realizarles la necropsia de Ley para determinar las causas de la muerte.<\/p>\n\n\n\n<p>La Fiscal\u00eda de San Luis Potos\u00ed indic\u00f3 que agentes de la Polic\u00eda de Investigaci\u00f3n llevan a cabo la investigaci\u00f3n del caso, donde apuntaron que ya \u201ccuentan ya con l\u00edneas de investigaci\u00f3n para el esclarecimiento de los hechos\u201d.<\/p>\n\n\n\n<p>Hasta el momento, ninguna autoridad estatal ha informado sobre personas detenidas por estos asesinatos.<\/p>\n\n\n\n<p>(Con informaci\u00f3n de L\u00f3pez-D\u00f3riga Digital)<\/p>\n","protected":false},"excerpt":{"rendered":"<p>Redacci\u00f3n\/Zona Roja Cdmx. Ciudad de M\u00e9xico, a 15 de abril de 2024.- Autoridades de San&hellip;<\/p>\n","protected":false},"author":2,"featured_media":58331,"comment_status":"closed","ping_status":"open","sticky":false,"template":"","format":"standard","meta":{"_lmt_disableupdate":"","_lmt_disable":"","_jetpack_memberships_contains_paid_content":false,"footnotes":""},"categories":[109,51],"tags":[1746],"class_list":["post-67342","post","type-post","status-publish","format-standard","has-post-thumbnail","hentry","category-minuto-a-minuto","category-zona-roja","tag-violencia-en-mexico"],"jetpack_featured_media_url":"https:\/\/zonaroja.com.mx\/wp-content\/uploads\/2023\/08\/Asesinatos-escena-crimen-violencia-homicidio.jpeg","jetpack_sharing_enabled":true,"_links":{"self":[{"href":"https:\/\/zonaroja.com.mx\/index.php?rest_route=\/wp\/v2\/posts\/67342","targetHints":{"allow":["GET"]}}],"collection":[{"href":"https:\/\/zonaroja.com.mx\/index.php?rest_route=\/wp\/v2\/posts"}],"about":[{"href":"https:\/\/zonaroja.com.mx\/index.php?rest_route=\/wp\/v2\/types\/post"}],"author":[{"embeddable":true,"href":"https:\/\/zonaroja.com.mx\/index.php?rest_route=\/wp\/v2\/users\/2"}],"replies":[{"embeddable":true,"href":"https:\/\/zonaroja.com.mx\/index.php?rest_route=%2Fwp%2Fv2%2Fcomments&post=67342"}],"version-history":[{"count":1,"href":"https:\/\/zonaroja.com.mx\/index.php?rest_route=\/wp\/v2\/posts\/67342\/revisions"}],"predecessor-version":[{"id":67343,"href":"https:\/\/zonaroja.com.mx\/index.php?rest_route=\/wp\/v2\/posts\/67342\/revisions\/67343"}],"wp:featuredmedia":[{"embeddable":true,"href":"https:\/\/zonaroja.com.mx\/index.php?rest_route=\/wp\/v2\/media\/58331"}],"wp:attachment":[{"href":"https:\/\/zonaroja.com.mx\/index.php?rest_route=%2Fwp%2Fv2%2Fmedia&parent=67342"}],"wp:term":[{"taxonomy":"category","embeddable":true,"href":"https:\/\/zonaroja.com.mx\/index.php?rest_route=%2Fwp%2Fv2%2Fcategories&post=67342"},{"taxonomy":"post_tag","embeddable":true,"href":"https:\/\/zonaroja.com.mx\/index.php?rest_route=%2Fwp%2Fv2%2Ftags&post=67342"}],"curies":[{"name":"wp","href":"https:\/\/api.w.org\/{rel}","templated":true}]}}