{"id":67344,"date":"2024-04-15T18:19:59","date_gmt":"2024-04-15T23:19:59","guid":{"rendered":"http:\/\/www.zonaroja.com.mx\/?p=67344"},"modified":"2024-04-15T18:20:00","modified_gmt":"2024-04-15T23:20:00","slug":"matan-a-balazos-a-una-una-nina-de-1-ano-de-edad-en-oaxaca-habria-sido-su-madre","status":"publish","type":"post","link":"https:\/\/zonaroja.com.mx\/?p=67344","title":{"rendered":"Matan a balazos a una una ni\u00f1a de 1 a\u00f1o de edad en Oaxaca; habr\u00eda sido su madre"},"content":{"rendered":"\n<p>Ismael Garc\u00eda M.\/Zona Roja.<\/p>\n\n\n\n<p>Oaxaca de Ju\u00e1rez, Oax., a 15 de abril de 2024.- Una mujer, presuntamente la madre de familia, dispar\u00f3 en contra de sus hijos, en cuyos hechos ocurridos en el municipio de Miahuatl\u00e1n de Porfirio D\u00edaz, una menor de un a\u00f1o perdi\u00f3 la vida.<\/p>\n\n\n\n<p>Fue en un domicilio de la quinta calle de Gonz\u00e1lez Ortega en que sucedi\u00f3 la tragedia, confirm\u00f3 la Fiscal\u00eda General del Estado de Oaxaca (FGEO), que inici\u00f3 la investigaci\u00f3n correspondiente.<\/p>\n\n\n\n<p>Tras ello, la madre de familia identificada con las iniciales O. C. V. ingiri\u00f3 al parecer medicamentos para quitarse la vida, adem\u00e1s de causarse lesiones, por lo cual fue trasladada a un hospital, donde convalece tambi\u00e9n un menor de seis a\u00f1os de edad, v\u00edctima de los disparos.<\/p>\n\n\n\n<p>La instituci\u00f3n que preside Bernardo Rodr\u00edguez Alamilla indic\u00f3 en un comunicado que la investigaci\u00f3n ser\u00e1 encabezada por la Vicefiscal\u00eda General de Control Regional, que despleg\u00f3 a un equipo multidisciplinario para realizar una investigaci\u00f3n integral que considere todo el contexto de los hechos y permita garantizar a las v\u00edctimas directas e indirectas un adecuado proceso de procuraci\u00f3n de justicia.<\/p>\n\n\n\n<p>Apenas el pasado 10 de abril, tambi\u00e9n en Mihuatl\u00e1n, una pareja de adultos mayores fue atacada a balazos en su propio domicilio; el hombre muri\u00f3 en el sitio y la mujer mientras recib\u00eda atenci\u00f3n m\u00e9dica en el hospital.<\/p>\n","protected":false},"excerpt":{"rendered":"<p>Ismael Garc\u00eda M.\/Zona Roja. Oaxaca de Ju\u00e1rez, Oax., a 15 de abril de 2024.- Una&hellip;<\/p>\n","protected":false},"author":2,"featured_media":67345,"comment_status":"closed","ping_status":"open","sticky":false,"template":"","format":"standard","meta":{"_lmt_disableupdate":"","_lmt_disable":"","_jetpack_memberships_contains_paid_content":false,"footnotes":""},"categories":[109,51],"tags":[169],"class_list":["post-67344","post","type-post","status-publish","format-standard","has-post-thumbnail","hentry","category-minuto-a-minuto","category-zona-roja","tag-miahuatlan-de-porfirio-diaz"],"jetpack_featured_media_url":"https:\/\/zonaroja.com.mx\/wp-content\/uploads\/2024\/04\/Miahuatlan-de-Porfirio-Diaz.jpg","jetpack_sharing_enabled":true,"_links":{"self":[{"href":"https:\/\/zonaroja.com.mx\/index.php?rest_route=\/wp\/v2\/posts\/67344","targetHints":{"allow":["GET"]}}],"collection":[{"href":"https:\/\/zonaroja.com.mx\/index.php?rest_route=\/wp\/v2\/posts"}],"about":[{"href":"https:\/\/zonaroja.com.mx\/index.php?rest_route=\/wp\/v2\/types\/post"}],"author":[{"embeddable":true,"href":"https:\/\/zonaroja.com.mx\/index.php?rest_route=\/wp\/v2\/users\/2"}],"replies":[{"embeddable":true,"href":"https:\/\/zonaroja.com.mx\/index.php?rest_route=%2Fwp%2Fv2%2Fcomments&post=67344"}],"version-history":[{"count":1,"href":"https:\/\/zonaroja.com.mx\/index.php?rest_route=\/wp\/v2\/posts\/67344\/revisions"}],"predecessor-version":[{"id":67346,"href":"https:\/\/zonaroja.com.mx\/index.php?rest_route=\/wp\/v2\/posts\/67344\/revisions\/67346"}],"wp:featuredmedia":[{"embeddable":true,"href":"https:\/\/zonaroja.com.mx\/index.php?rest_route=\/wp\/v2\/media\/67345"}],"wp:attachment":[{"href":"https:\/\/zonaroja.com.mx\/index.php?rest_route=%2Fwp%2Fv2%2Fmedia&parent=67344"}],"wp:term":[{"taxonomy":"category","embeddable":true,"href":"https:\/\/zonaroja.com.mx\/index.php?rest_route=%2Fwp%2Fv2%2Fcategories&post=67344"},{"taxonomy":"post_tag","embeddable":true,"href":"https:\/\/zonaroja.com.mx\/index.php?rest_route=%2Fwp%2Fv2%2Ftags&post=67344"}],"curies":[{"name":"wp","href":"https:\/\/api.w.org\/{rel}","templated":true}]}}