{"id":67347,"date":"2024-04-15T19:48:07","date_gmt":"2024-04-16T00:48:07","guid":{"rendered":"http:\/\/www.zonaroja.com.mx\/?p=67347"},"modified":"2024-04-15T19:48:08","modified_gmt":"2024-04-16T00:48:08","slug":"carino-de-sociedad-hacia-salomon-jara-lo-coloca-en-el-top-ten-de-popularidad-ce","status":"publish","type":"post","link":"https:\/\/zonaroja.com.mx\/?p=67347","title":{"rendered":"Cari\u00f1o de sociedad hacia Salom\u00f3n Jara, lo coloca en el \u201ctop ten\u201d de popularidad: C&amp;E\u00a0"},"content":{"rendered":"\n<p>Redacci\u00f3n\/Zona Roja.<\/p>\n\n\n\n<p>Oaxaca de Ju\u00e1rez, Oax., a 15 de abril de 2024.- El cari\u00f1o y sentir social de la poblaci\u00f3n oaxaque\u00f1a hacia el gobernador Salom\u00f3n Jara, lo coloc\u00f3 por primera vez en el \u201ctop ten\u201d de popularidad en el \u201cRanking de gobernadores 2024\u201d que realiza la revista especializada en comunicaci\u00f3n pol\u00edtica Campaigns and Elections (C&amp;E).<\/p>\n\n\n\n<p>En entrevista, el editor para M\u00e9xico y Am\u00e9rica Latina de dicha empresa, Alejandro Rodr\u00edguez, explic\u00f3 que esta medici\u00f3n de gobernadores es un ejercicio que realiza la revista desde hace 49 ediciones, que en un inicio fue bimestral y que lleva cinco a\u00f1os public\u00e1ndose.<\/p>\n\n\n\n<p>\u201cEl ranking es una medici\u00f3n de todos y cada uno de los 32 mandatarios del pa\u00eds en diversos rubros, uno de ellos es la popularidad y otra el desempe\u00f1o, que representa la suma de varios factores y a la vez su divisi\u00f3n para realizar un promedio, obtener un n\u00famero final y acomodarlos desde el uno hasta el 32\u201d, explic\u00f3.<\/p>\n\n\n\n<p>Detall\u00f3 que la popularidad hace referencia al sentir de los ciudadanos hacia su mandatario, \u201c\u00bfqu\u00e9 tanto afecto siente la poblaci\u00f3n hacia su gobernador?, se mide el sentimiento, cari\u00f1o que los habitantes de cada uno de los estados puedan tener hacia el mandatario de su entidad\u201d.<\/p>\n\n\n\n<p>Agreg\u00f3 que Jara Cruz paulatinamente ha ido escalando posiciones, pues empez\u00f3 en la tabla media y poco a poco ha ido subiendo hasta que se le encuentra en esta posici\u00f3n que por hoy es la mejor que ha tenido.&nbsp;<\/p>\n\n\n\n<p>Alejandro Rodr\u00edguez apunt\u00f3 que el tema de pobreza es uno de los indicadores espec\u00edficos del ranking de desempe\u00f1o, en el cual el mandatario oaxaque\u00f1o aparece en el lugar n\u00famero seis, lo que representa la percepci\u00f3n de las y los encuestados respecto a las acciones que realiza el mandatario para superar este problema.<\/p>\n\n\n\n<p>Cabe destacar que Campaigns and Elections es una revista que naci\u00f3 en 1980 en Estados Unidos de la mano de John Foster Reed, es considerada la mejor revista de comunicaci\u00f3n pol\u00edtica del mundo con sede en Londres, y pertenece al grupo Political World Communications.&nbsp;<\/p>\n\n\n\n<p>En M\u00e9xico, desde donde se encuentra la sede para Am\u00e9rica Latina y Espa\u00f1a, cumple 15 a\u00f1os en este 2024 y es una empresa sumamente consolidada en materia de an\u00e1lisis y comunicaci\u00f3n pol\u00edtica.<\/p>\n","protected":false},"excerpt":{"rendered":"<p>Redacci\u00f3n\/Zona Roja. Oaxaca de Ju\u00e1rez, Oax., a 15 de abril de 2024.- El cari\u00f1o y&hellip;<\/p>\n","protected":false},"author":2,"featured_media":67349,"comment_status":"closed","ping_status":"open","sticky":false,"template":"","format":"standard","meta":{"_lmt_disableupdate":"","_lmt_disable":"","_jetpack_memberships_contains_paid_content":false,"footnotes":""},"categories":[109,46],"tags":[3911,939],"class_list":["post-67347","post","type-post","status-publish","format-standard","has-post-thumbnail","hentry","category-minuto-a-minuto","category-zona-blanca","tag-campaigns-and-elections-ce","tag-salomon-jara-cruz"],"jetpack_featured_media_url":"https:\/\/zonaroja.com.mx\/wp-content\/uploads\/2024\/04\/Ranking-gobernadores-encuesta-Salomon-Jara.jpeg","jetpack_sharing_enabled":true,"_links":{"self":[{"href":"https:\/\/zonaroja.com.mx\/index.php?rest_route=\/wp\/v2\/posts\/67347","targetHints":{"allow":["GET"]}}],"collection":[{"href":"https:\/\/zonaroja.com.mx\/index.php?rest_route=\/wp\/v2\/posts"}],"about":[{"href":"https:\/\/zonaroja.com.mx\/index.php?rest_route=\/wp\/v2\/types\/post"}],"author":[{"embeddable":true,"href":"https:\/\/zonaroja.com.mx\/index.php?rest_route=\/wp\/v2\/users\/2"}],"replies":[{"embeddable":true,"href":"https:\/\/zonaroja.com.mx\/index.php?rest_route=%2Fwp%2Fv2%2Fcomments&post=67347"}],"version-history":[{"count":1,"href":"https:\/\/zonaroja.com.mx\/index.php?rest_route=\/wp\/v2\/posts\/67347\/revisions"}],"predecessor-version":[{"id":67350,"href":"https:\/\/zonaroja.com.mx\/index.php?rest_route=\/wp\/v2\/posts\/67347\/revisions\/67350"}],"wp:featuredmedia":[{"embeddable":true,"href":"https:\/\/zonaroja.com.mx\/index.php?rest_route=\/wp\/v2\/media\/67349"}],"wp:attachment":[{"href":"https:\/\/zonaroja.com.mx\/index.php?rest_route=%2Fwp%2Fv2%2Fmedia&parent=67347"}],"wp:term":[{"taxonomy":"category","embeddable":true,"href":"https:\/\/zonaroja.com.mx\/index.php?rest_route=%2Fwp%2Fv2%2Fcategories&post=67347"},{"taxonomy":"post_tag","embeddable":true,"href":"https:\/\/zonaroja.com.mx\/index.php?rest_route=%2Fwp%2Fv2%2Ftags&post=67347"}],"curies":[{"name":"wp","href":"https:\/\/api.w.org\/{rel}","templated":true}]}}