{"id":67354,"date":"2024-04-16T11:30:00","date_gmt":"2024-04-16T16:30:00","guid":{"rendered":"http:\/\/www.zonaroja.com.mx\/?p=67354"},"modified":"2024-04-16T07:20:31","modified_gmt":"2024-04-16T12:20:31","slug":"suman-28-mujeres-asesinadas-este-ano-en-oaxaca-cuatro-en-abril","status":"publish","type":"post","link":"https:\/\/zonaroja.com.mx\/?p=67354","title":{"rendered":"Suman 28 mujeres asesinadas este a\u00f1o en Oaxaca; cuatro en abril"},"content":{"rendered":"\n<p>Ismael Garc\u00eda M.\/Zona Roja.<\/p>\n\n\n\n<p>Oaxaca de Ju\u00e1rez, Oax., a 16 de abril de 2024.- En tres meses y medio, 28 mujeres han sido asesinadas a balazos, de acuerdo con el m\u00e1s reciente reporte de la asociaci\u00f3n civil Grupo de Estudios de la Mujer \u201cRosario Castellanos\u201d.<\/p>\n\n\n\n<p>Tan s\u00f3lo en dos semanas de abril, se han registrado cuatro probables feminicidios, uno de ellos este lunes, con el caso de una menor de edad en el municipio de Miahuatl\u00e1n de Porfirio D\u00edaz.<\/p>\n\n\n\n<p>Mientras que ayer fue ultimada una femenina de edad adulta en Mazatl\u00e1n Villa de Flores, municipio de la regi\u00f3n Sierra de Flores Mag\u00f3n, conocida como Ca\u00f1ada.<\/p>\n\n\n\n<p>El pasado mi\u00e9rcoles 10 de abril, tambi\u00e9n en Miahuatl\u00e1n, atacaron a balazos a una pareja de ancianos; el hombre muri\u00f3 en el lugar, mientras que la mujer en un hospital.<\/p>\n\n\n\n<p>Otro doble homicidio ocurri\u00f3 en San Antonio de la Cal, municipio conurbado a la capital de Oaxaca, en que dos elementos de la Polic\u00eda Estatal, un hombre y una mujer, murieron por disparos de arma de fuego.<\/p>\n\n\n\n<p>De acuerdo con el organismo GES Mujer, la violencia feminicida se est\u00e1 incrementando en contra de la poblaci\u00f3n m\u00e1s vulnerable, pues en este a\u00f1o el 42% de los asesinatos violentos correspondi\u00f3 a mujeres de 30-44 a\u00f1os.&nbsp;<\/p>\n\n\n\n<p>Otro dato que causa una profunda indignaci\u00f3n es que el 69% del total de casos fueron cometidos por impacto de bala, y 19% el feminicidio fue en el \u00abhogar\u00bb lugar en el que tendr\u00edan que estar protegidas.<\/p>\n\n\n\n<p>\u201cM\u00e1s all\u00e1 de las estad\u00edsticas, cada ni\u00f1a y mujer v\u00edctimas de una violencia feminicida que crece, se extiende y atenta contra las m\u00e1s vulnerables, como GES Mujer expresamos nuestra preocupaci\u00f3n porque a cada una de ellas, el Estado les fall\u00f3.&nbsp;<\/p>\n\n\n\n<p>\u201cDolor, indignaci\u00f3n e impunidad es lo que enfrentan sus hijas, hijos, madres, padres, familias enteras, como consecuencia de negligencias u omisiones de Estado que vulnero sus derechos\u201d, expuso en un comunicado.<\/p>\n\n\n\n<p>La asociaci\u00f3n civil mantiene un mapeo de feminicidios, que es un observatorio que muestra la peligrosa realidad que viven las mujeres y las ni\u00f1as en la entidad.<\/p>\n\n\n\n<p>\u201cNo es un caso exclusivo de Oaxaca, sino un verdadero problema a nivel global, nacional, regional, estatal y municipal. M\u00e9xico cuenta con mujeres que est\u00e1n cartografiando el feminicidio y nos sumamos a esta ardua labor con el prop\u00f3sito de visibilizar a las mujeres que perecieron a manos de un agresor\u201d, detall\u00f3.<\/p>\n","protected":false},"excerpt":{"rendered":"<p>Ismael Garc\u00eda M.\/Zona Roja. Oaxaca de Ju\u00e1rez, Oax., a 16 de abril de 2024.- En&hellip;<\/p>\n","protected":false},"author":2,"featured_media":48470,"comment_status":"closed","ping_status":"open","sticky":false,"template":"","format":"standard","meta":{"_lmt_disableupdate":"","_lmt_disable":"","_jetpack_memberships_contains_paid_content":false,"footnotes":""},"categories":[109,47],"tags":[610,524],"class_list":["post-67354","post","type-post","status-publish","format-standard","has-post-thumbnail","hentry","category-minuto-a-minuto","category-zona-gris","tag-feminicidios-oaxaca","tag-ges-mujer"],"jetpack_featured_media_url":"https:\/\/zonaroja.com.mx\/wp-content\/uploads\/2022\/11\/Feminicidios-Oaxaca.jpg","jetpack_sharing_enabled":true,"_links":{"self":[{"href":"https:\/\/zonaroja.com.mx\/index.php?rest_route=\/wp\/v2\/posts\/67354","targetHints":{"allow":["GET"]}}],"collection":[{"href":"https:\/\/zonaroja.com.mx\/index.php?rest_route=\/wp\/v2\/posts"}],"about":[{"href":"https:\/\/zonaroja.com.mx\/index.php?rest_route=\/wp\/v2\/types\/post"}],"author":[{"embeddable":true,"href":"https:\/\/zonaroja.com.mx\/index.php?rest_route=\/wp\/v2\/users\/2"}],"replies":[{"embeddable":true,"href":"https:\/\/zonaroja.com.mx\/index.php?rest_route=%2Fwp%2Fv2%2Fcomments&post=67354"}],"version-history":[{"count":2,"href":"https:\/\/zonaroja.com.mx\/index.php?rest_route=\/wp\/v2\/posts\/67354\/revisions"}],"predecessor-version":[{"id":67366,"href":"https:\/\/zonaroja.com.mx\/index.php?rest_route=\/wp\/v2\/posts\/67354\/revisions\/67366"}],"wp:featuredmedia":[{"embeddable":true,"href":"https:\/\/zonaroja.com.mx\/index.php?rest_route=\/wp\/v2\/media\/48470"}],"wp:attachment":[{"href":"https:\/\/zonaroja.com.mx\/index.php?rest_route=%2Fwp%2Fv2%2Fmedia&parent=67354"}],"wp:term":[{"taxonomy":"category","embeddable":true,"href":"https:\/\/zonaroja.com.mx\/index.php?rest_route=%2Fwp%2Fv2%2Fcategories&post=67354"},{"taxonomy":"post_tag","embeddable":true,"href":"https:\/\/zonaroja.com.mx\/index.php?rest_route=%2Fwp%2Fv2%2Ftags&post=67354"}],"curies":[{"name":"wp","href":"https:\/\/api.w.org\/{rel}","templated":true}]}}