{"id":67356,"date":"2024-04-15T22:41:02","date_gmt":"2024-04-16T03:41:02","guid":{"rendered":"http:\/\/www.zonaroja.com.mx\/?p=67356"},"modified":"2024-04-15T22:41:04","modified_gmt":"2024-04-16T03:41:04","slug":"acusan-de-violencia-a-candidata-al-senado-por-morena-en-oaxaca","status":"publish","type":"post","link":"https:\/\/zonaroja.com.mx\/?p=67356","title":{"rendered":"Acusan de violencia a candidata al Senado por Morena en Oaxaca"},"content":{"rendered":"\n<p>Raymundo Morales\/Zona Roja.<\/p>\n\n\n\n<p>Oaxaca de Ju\u00e1rez, Oax., a 15 de abril de 2024.- La suplente de Luisa Cort\u00e9s Garc\u00eda en la f\u00f3rmula del Partido Morena al Senado por Oaxaca, acus\u00f3 a la tambi\u00e9n legisladora local de violencia pol\u00edtica y de no cumplir los acuerdos pactados.<\/p>\n\n\n\n<p>En una conferencia de prensa que ofreci\u00f3 la tarde de hoy frente al templo de Santo Domingo de Guzm\u00e1n, Esperanza Ram\u00edrez V\u00e1squez puso como ejemplo la licencia que pidi\u00f3 Cort\u00e9s Garc\u00eda en la 65 Legislatura del Congreso del Estado, tras lo cual se le tom\u00f3 la protesta como suplente.<\/p>\n\n\n\n<p>Sin embargo, de inmediato la aspirante al Senado revoc\u00f3 su licencia y regres\u00f3 al cargo, para impedir que Esperanza Ram\u00edrez asumiera funciones y en consecuencia se le pagara la dieta y otras remuneraciones.<\/p>\n\n\n\n<p>\u201cLas mujeres a lo largo de la historia hemos luchado por causas justas y equitativas por defender espacios sociales, pol\u00edticos y culturales de los cuales muchas veces hemos sido apartadas y marginadas todo ello a causa de la violencia de g\u00e9nero y corrupci\u00f3n.&nbsp;<\/p>\n\n\n\n<p>\u201cA pesar de todos los obst\u00e1culos hemos avanzado, gracias a todas las que han perdido la vida en diferentes momentos de la historia de luchas sociales, movimiento feministas y mujeres que pierden el miedo y alzan la voz.<\/p>\n\n\n\n<p>\u201cPero tambi\u00e9n es cierto que no toda la violencia viene del hombre. Hoy en d\u00eda luchamos con un problema aun mas grave, cuando una mujer violenta y pasa por la dignidad de otra mujer, es el caso que me lleva alzar la voz y dejar un precedente de mi situaci\u00f3n para que otras mujeres tomen valor y denuncien todo atropello que atente a su derecho e integridad f\u00edsica o emocional\u201d, detall\u00f3 en un comunicado.<\/p>\n\n\n\n<p>No obstante, de acuerdo con fuentes del Congreso del Estado, la irritaci\u00f3n de Esperanza Ram\u00edrez es porque pese a que sab\u00eda que asumir\u00eda funciones de diputada por unos d\u00edas, comenz\u00f3 a cancelar contratos al personal de confianza, entre ellos al secretario T\u00e9cnico, para colocar a sus familiares.<\/p>\n\n\n\n<p>De la misma manera, porque pretend\u00eda que se incrementar el sueldo a Miguel Fructuoso, presuntamente su pareja, quien en la 65 Legislatura funge como director de Inform\u00e1tica y Gaceta Parlamentaria, y percibe mensualmente 50 mil pesos.<\/p>\n\n\n\n<p>Hasta la candidata al Senado Luisa Cort\u00e9s, no ha emitido ning\u00fan pronunciamiento.<\/p>\n","protected":false},"excerpt":{"rendered":"<p>Raymundo Morales\/Zona Roja. Oaxaca de Ju\u00e1rez, Oax., a 15 de abril de 2024.- La suplente&hellip;<\/p>\n","protected":false},"author":2,"featured_media":67357,"comment_status":"closed","ping_status":"open","sticky":false,"template":"","format":"standard","meta":{"_lmt_disableupdate":"","_lmt_disable":"","_jetpack_memberships_contains_paid_content":false,"footnotes":""},"categories":[109,47],"tags":[3827],"class_list":["post-67356","post","type-post","status-publish","format-standard","has-post-thumbnail","hentry","category-minuto-a-minuto","category-zona-gris","tag-luisa-cortes-garcia"],"jetpack_featured_media_url":"https:\/\/zonaroja.com.mx\/wp-content\/uploads\/2024\/04\/Luisa-Cortes-Garcia-y-suplente.jpg","jetpack_sharing_enabled":true,"_links":{"self":[{"href":"https:\/\/zonaroja.com.mx\/index.php?rest_route=\/wp\/v2\/posts\/67356","targetHints":{"allow":["GET"]}}],"collection":[{"href":"https:\/\/zonaroja.com.mx\/index.php?rest_route=\/wp\/v2\/posts"}],"about":[{"href":"https:\/\/zonaroja.com.mx\/index.php?rest_route=\/wp\/v2\/types\/post"}],"author":[{"embeddable":true,"href":"https:\/\/zonaroja.com.mx\/index.php?rest_route=\/wp\/v2\/users\/2"}],"replies":[{"embeddable":true,"href":"https:\/\/zonaroja.com.mx\/index.php?rest_route=%2Fwp%2Fv2%2Fcomments&post=67356"}],"version-history":[{"count":1,"href":"https:\/\/zonaroja.com.mx\/index.php?rest_route=\/wp\/v2\/posts\/67356\/revisions"}],"predecessor-version":[{"id":67359,"href":"https:\/\/zonaroja.com.mx\/index.php?rest_route=\/wp\/v2\/posts\/67356\/revisions\/67359"}],"wp:featuredmedia":[{"embeddable":true,"href":"https:\/\/zonaroja.com.mx\/index.php?rest_route=\/wp\/v2\/media\/67357"}],"wp:attachment":[{"href":"https:\/\/zonaroja.com.mx\/index.php?rest_route=%2Fwp%2Fv2%2Fmedia&parent=67356"}],"wp:term":[{"taxonomy":"category","embeddable":true,"href":"https:\/\/zonaroja.com.mx\/index.php?rest_route=%2Fwp%2Fv2%2Fcategories&post=67356"},{"taxonomy":"post_tag","embeddable":true,"href":"https:\/\/zonaroja.com.mx\/index.php?rest_route=%2Fwp%2Fv2%2Ftags&post=67356"}],"curies":[{"name":"wp","href":"https:\/\/api.w.org\/{rel}","templated":true}]}}