{"id":6736,"date":"2019-12-17T08:37:34","date_gmt":"2019-12-17T14:37:34","guid":{"rendered":"http:\/\/www.zonaroja.com.mx\/?p=6736"},"modified":"2019-12-17T08:37:39","modified_gmt":"2019-12-17T14:37:39","slug":"van-373-feminicidios-en-oaxaca-2019-el-ano-mas-mortal-para-mujeres","status":"publish","type":"post","link":"https:\/\/zonaroja.com.mx\/?p=6736","title":{"rendered":"Van 373 feminicidios en Oaxaca; 2019, el a\u00f1o m\u00e1s mortal para mujeres"},"content":{"rendered":"\n<p>Evlin Arag\u00f3n\/Zona Roja.<\/p>\n\n\n\n<p>Oaxaca de Ju\u00e1rez, Oax., 17 de diciembre\nde 2019.- Lejos de funcionar las acciones implementadas por las autoridades\nestatales para atender la Declaratoria de Alerta de Violencia de G\u00e9nero en 40\nmunicipios de Oaxaca, los casos de feminicidios contin\u00faan en aumento y la\nviolencia hacia las mujeres se recrudece en cada uno de los casos.<\/p>\n\n\n\n<p>El Grupo de Estudios sobre la Mujer\n\u201cRosario Castellanos\u201d, inform\u00f3 que, sin terminar a\u00fan el 2019, ya super\u00f3 en un\n10 por ciento los 117 asesinatos de mujeres de 2017 y en un 5% los 123 de 2018.<\/p>\n\n\n\n<p>\u201cSon 130 vidas apagadas por la\nviolencia y la omisi\u00f3n institucional que desde que se decret\u00f3 la Alerta en\n#Oaxaca el 30 agosto de 2018, ha solapado 164 muertes violentas de mujeres\u201d,\nindic\u00f3.<\/p>\n\n\n\n<p>En tanto, como parte de recuento de\ncasos que realiza la organizaci\u00f3n civil Consorcio Oaxaca, se reportan 373 casos\nde mujeres asesinadas por su condici\u00f3n de g\u00e9nero en la entidad, en lo que va de\nla administraci\u00f3n de Alejando Murat Hinojosa, que en su campa\u00f1a electoral se\ncomprometi\u00f3 a dar atenci\u00f3n puntual a este tema.<\/p>\n\n\n\n<p>Seg\u00fan sus cifras, dee los m\u00e1s de 300\ncasos de asesinatos violentos de mujeres, 158 se han registrado despu\u00e9s de la\nAlerta de G\u00e9nero lo que habla de una nula o mala aplicaci\u00f3n de acciones para\nprevenir, atender, sancionar y erradicar la violencia de g\u00e9nero y feminicida en\nel estado, como lo marca la ley.<\/p>\n\n\n\n<p>\u00abLa violencia feminicida contin\u00faa\nen aumento en Oaxaca, a m\u00e1s de tres a\u00f1os de que Alejandro Murat Hinojosa\nGobernador del Estado de Oaxaca iniciara su administraci\u00f3n el 1 de diciembre de\n2016, a\u00fan no se han aplicado medidas contundentes que garanticen la vida,\nseguridad y libertad de las mujeres oaxaque\u00f1as\u201d, asegura la organizaci\u00f3n.<\/p>\n\n\n\n<p>Fue a inicios de este mes que se\nreport\u00f3 el asesinato de una joven de 19 a\u00f1os, de nombre Osmara, quien fue\nabatida a tiros por su pareja sentimental en inmediaciones del callej\u00f3n El\nPara\u00edso, del Barrio Lieza de Santo Domingo Tehuantepec.<\/p>\n\n\n\n<p>El autor del asesinato fue detenido al\nmomento en el lugar e identificado de manera preliminar como Alfonso E. R., de\n26 a\u00f1os de edad, mientras que la Vicefiscal\u00eda Regional del Istmo inici\u00f3 las\nindagatorias bajo los protocolos de feminicidio.<\/p>\n\n\n\n<p>Previamente el cuerpo sin vida de una\nmujer hab\u00eda sido localizado en un paraje de la localidad de Valdeflores,\nmunicipio de Zimatl\u00e1n de \u00c1lvarez, el cual se encontraba envuelto en cobijas y\npresentaba huellas de tortura.<\/p>\n","protected":false},"excerpt":{"rendered":"<p>Evlin Arag\u00f3n\/Zona Roja. Oaxaca de Ju\u00e1rez, Oax., 17 de diciembre de 2019.- Lejos de funcionar&hellip;<\/p>\n","protected":false},"author":2,"featured_media":6363,"comment_status":"closed","ping_status":"open","sticky":false,"template":"","format":"standard","meta":{"_lmt_disableupdate":"","_lmt_disable":"","_jetpack_memberships_contains_paid_content":false,"footnotes":""},"categories":[109,51],"tags":[610,1001],"class_list":["post-6736","post","type-post","status-publish","format-standard","has-post-thumbnail","hentry","category-minuto-a-minuto","category-zona-roja","tag-feminicidios-oaxaca","tag-grupo-de-estudios-sobre-la-mujer-rosario-castellanos"],"jetpack_featured_media_url":"https:\/\/zonaroja.com.mx\/wp-content\/uploads\/2019\/12\/Impunidad.png","jetpack_sharing_enabled":true,"_links":{"self":[{"href":"https:\/\/zonaroja.com.mx\/index.php?rest_route=\/wp\/v2\/posts\/6736","targetHints":{"allow":["GET"]}}],"collection":[{"href":"https:\/\/zonaroja.com.mx\/index.php?rest_route=\/wp\/v2\/posts"}],"about":[{"href":"https:\/\/zonaroja.com.mx\/index.php?rest_route=\/wp\/v2\/types\/post"}],"author":[{"embeddable":true,"href":"https:\/\/zonaroja.com.mx\/index.php?rest_route=\/wp\/v2\/users\/2"}],"replies":[{"embeddable":true,"href":"https:\/\/zonaroja.com.mx\/index.php?rest_route=%2Fwp%2Fv2%2Fcomments&post=6736"}],"version-history":[{"count":1,"href":"https:\/\/zonaroja.com.mx\/index.php?rest_route=\/wp\/v2\/posts\/6736\/revisions"}],"predecessor-version":[{"id":6737,"href":"https:\/\/zonaroja.com.mx\/index.php?rest_route=\/wp\/v2\/posts\/6736\/revisions\/6737"}],"wp:featuredmedia":[{"embeddable":true,"href":"https:\/\/zonaroja.com.mx\/index.php?rest_route=\/wp\/v2\/media\/6363"}],"wp:attachment":[{"href":"https:\/\/zonaroja.com.mx\/index.php?rest_route=%2Fwp%2Fv2%2Fmedia&parent=6736"}],"wp:term":[{"taxonomy":"category","embeddable":true,"href":"https:\/\/zonaroja.com.mx\/index.php?rest_route=%2Fwp%2Fv2%2Fcategories&post=6736"},{"taxonomy":"post_tag","embeddable":true,"href":"https:\/\/zonaroja.com.mx\/index.php?rest_route=%2Fwp%2Fv2%2Ftags&post=6736"}],"curies":[{"name":"wp","href":"https:\/\/api.w.org\/{rel}","templated":true}]}}