{"id":67360,"date":"2024-04-15T23:29:19","date_gmt":"2024-04-16T04:29:19","guid":{"rendered":"http:\/\/www.zonaroja.com.mx\/?p=67360"},"modified":"2024-04-15T23:29:20","modified_gmt":"2024-04-16T04:29:20","slug":"repudia-magisterio-nacional-a-amlo-es-mas-de-lo-mismo","status":"publish","type":"post","link":"https:\/\/zonaroja.com.mx\/?p=67360","title":{"rendered":"Repudia magisterio nacional a AMLO; \u201ces m\u00e1s de lo mismo\u201d"},"content":{"rendered":"\n<p>Ismael Garc\u00eda M.\/Zona Roja.<\/p>\n\n\n\n<p>Oaxaca de Ju\u00e1rez, Oax., a 15 de abril de 2024.- El magisterio aglutinado a la Coordinadora Nacional de Trabajadores de la Educaci\u00f3n (CNTE) reproch\u00f3 al Presidente Andr\u00e9s Manuel L\u00f3pez Obrador su en\u00e9simo enga\u00f1o, al no atender hoy, como se hab\u00eda acordado, las demandas planteadas.<\/p>\n\n\n\n<p>Este d\u00eda, las secciones de Chiapas, Guerrero, Oaxaca, Ciudad de M\u00e9xico y Michoac\u00e1n, llevaron a cabo un paro de labores de 24 horas, as\u00ed como marchas masivas, para insistir en la soluci\u00f3n a sus exigencias, entre ellas la abrogaci\u00f3n de la reforma educativa impulsada en 2015 por Enrique Pe\u00f1a Nieto.<\/p>\n\n\n\n<p>Sin embargo, en este caso como respuesta recibieron que \u201cya no hab\u00eda tiempo\u201d para hacer los cambios legislativos correspondientes, pese a que lo plantearon desde la campa\u00f1a pol\u00edtica del hoy mandatario nacional.<\/p>\n\n\n\n<p>\u201cEl primero de abril, despu\u00e9s de tres a\u00f1os que el Presidente de la Rep\u00fablica no le abr\u00eda las puertas a la Coordinadora (CNTE), se reinstala la mesa de la Comisi\u00f3n \u00danica de Negociaci\u00f3n y el Presidente\u201d, dijo la dirigente de la Secci\u00f3n 22 del SNTE, Yenny Aracely P\u00e9rez, en la Ciudad de M\u00e9xico.<\/p>\n\n\n\n<p>Cit\u00f3 las principales demandas, que incluyen adem\u00e1s la reinstalaci\u00f3n de docentes cesados por la citada reforma educativa, as\u00ed como demandas de justicia para las v\u00edctimas de Ayotzinapa, Guerrero, y Asunci\u00f3n Nochixtl\u00e1n.<\/p>\n\n\n\n<p>\u201cQuienes se fueron con el canto de las sirenas de que ser\u00eda una transformaci\u00f3n para el pa\u00eds y para la educaci\u00f3n, para los maestros, hoy decimos que es m\u00e1s de lo mismo.<\/p>\n\n\n\n<p>\u201cPor eso ser\u00e1 importante que nos vayamos organizando en nuestro congreso extraordinario de la CNTE, con miras ya a un paro indefinido\u201d, reproch\u00f3 la secretaria General de la gremial en esta entidad.<\/p>\n\n\n\n<p>Por la tarde, tras la reuni\u00f3n con funcionarios del gobierno federal, la comisi\u00f3n negociadora dio un nuevo posicionamiento, en que lament\u00f3 que no hayan obtenido las respuestas.<\/p>\n\n\n\n<p>\u201cNo estamos de acuerdo con estas respuestas, porque hemos insistido que se prometi\u00f3 una transformaci\u00f3n, pero todo sigue igual, porque no se ha abrogado totalmente la reforma educativa, a\u00fan seguimos esperando un incremento salarial realmente significativo y los jubilados siguen cobrando sus pensiones en UMAS y no en salarios m\u00ednimos\u201d, reforz\u00f3 Yenny Aracely P\u00e9rez.<\/p>\n","protected":false},"excerpt":{"rendered":"<p>Ismael Garc\u00eda M.\/Zona Roja. Oaxaca de Ju\u00e1rez, Oax., a 15 de abril de 2024.- El&hellip;<\/p>\n","protected":false},"author":2,"featured_media":67361,"comment_status":"closed","ping_status":"open","sticky":false,"template":"","format":"standard","meta":{"_lmt_disableupdate":"","_lmt_disable":"","_jetpack_memberships_contains_paid_content":false,"footnotes":""},"categories":[109,47],"tags":[312],"class_list":["post-67360","post","type-post","status-publish","format-standard","has-post-thumbnail","hentry","category-minuto-a-minuto","category-zona-gris","tag-seccion-22-del-snte"],"jetpack_featured_media_url":"https:\/\/zonaroja.com.mx\/wp-content\/uploads\/2024\/04\/Marcha-Seccion-22-del-SNTE-Oaxaca.jpg","jetpack_sharing_enabled":true,"_links":{"self":[{"href":"https:\/\/zonaroja.com.mx\/index.php?rest_route=\/wp\/v2\/posts\/67360","targetHints":{"allow":["GET"]}}],"collection":[{"href":"https:\/\/zonaroja.com.mx\/index.php?rest_route=\/wp\/v2\/posts"}],"about":[{"href":"https:\/\/zonaroja.com.mx\/index.php?rest_route=\/wp\/v2\/types\/post"}],"author":[{"embeddable":true,"href":"https:\/\/zonaroja.com.mx\/index.php?rest_route=\/wp\/v2\/users\/2"}],"replies":[{"embeddable":true,"href":"https:\/\/zonaroja.com.mx\/index.php?rest_route=%2Fwp%2Fv2%2Fcomments&post=67360"}],"version-history":[{"count":1,"href":"https:\/\/zonaroja.com.mx\/index.php?rest_route=\/wp\/v2\/posts\/67360\/revisions"}],"predecessor-version":[{"id":67362,"href":"https:\/\/zonaroja.com.mx\/index.php?rest_route=\/wp\/v2\/posts\/67360\/revisions\/67362"}],"wp:featuredmedia":[{"embeddable":true,"href":"https:\/\/zonaroja.com.mx\/index.php?rest_route=\/wp\/v2\/media\/67361"}],"wp:attachment":[{"href":"https:\/\/zonaroja.com.mx\/index.php?rest_route=%2Fwp%2Fv2%2Fmedia&parent=67360"}],"wp:term":[{"taxonomy":"category","embeddable":true,"href":"https:\/\/zonaroja.com.mx\/index.php?rest_route=%2Fwp%2Fv2%2Fcategories&post=67360"},{"taxonomy":"post_tag","embeddable":true,"href":"https:\/\/zonaroja.com.mx\/index.php?rest_route=%2Fwp%2Fv2%2Ftags&post=67360"}],"curies":[{"name":"wp","href":"https:\/\/api.w.org\/{rel}","templated":true}]}}