{"id":67372,"date":"2024-04-16T12:30:00","date_gmt":"2024-04-16T17:30:00","guid":{"rendered":"http:\/\/www.zonaroja.com.mx\/?p=67372"},"modified":"2024-04-16T08:47:23","modified_gmt":"2024-04-16T13:47:23","slug":"luce-templo-de-san-felipe-neri-reja-disenada-por-francisco-toledo","status":"publish","type":"post","link":"https:\/\/zonaroja.com.mx\/?p=67372","title":{"rendered":"Luce templo de San Felipe Neri reja dise\u00f1ada por Francisco Toledo"},"content":{"rendered":"\n<p>Redacci\u00f3n\/Zona Roja.<\/p>\n\n\n\n<p>Oaxaca de Ju\u00e1rez, Oax., a 16 de abril de 2024.- Este pues fue presentada al p\u00fablico la reja dise\u00f1ada por el artista Francisco Toledo, que se coloc\u00f3 del lado poniente del templo de San Felipe Neri, en el centro de la ciudad de Oaxaca.<\/p>\n\n\n\n<p>Para desarrollar sus proyectos, el artista buscaba alianzas con la sociedad, instituciones y autoridades.<\/p>\n\n\n\n<p>Uno de los proyectos que dej\u00f3 inconcluso fue la colocaci\u00f3n de la reja del referido inmueble hist\u00f3rico, ubicado en la avenida Independencia esquina con Tinoco y Palacios, a dos cuadras de la Alameda de Le\u00f3n.&nbsp;<\/p>\n\n\n\n<p>Toledo plante\u00f3 convocar a la sociedad para recaudar fondos y as\u00ed solventar los gastos, el \u00fanico prop\u00f3sito de este proyecto era conservar el patrimonio edificado.<\/p>\n\n\n\n<p>Tras su muerte en 2019 las asociaciones civiles que Toledo fund\u00f3, Amigos del IAGO y del CFMAB A.C. y Francisco Toledo A.C., trabajaron de manera colaborativa con las autoridades eclesi\u00e1sticas, el Instituto Nacional de Antropolog\u00eda e Historia de Oaxaca (INAH), el Instituto del Patrimonio Cultural del Estado de Oaxaca (INPAC) y el municipio de Oaxaca de Ju\u00e1rez, para hacer realidad este proyecto, que tras finalizar los trabajos, se present\u00f3 este 15 de abril de 2024.<\/p>\n\n\n\n<p>Al artista le interesaba que se delimitara el atrio para que se conservara el templo de San Felipe Neri, el cual es uno de los monumentos coloniales m\u00e1s notables del Siglo XVII.<\/p>\n\n\n\n<p>Sara L\u00f3pez Ellitsgaard, presidenta de Amigos del IAGO y del CFMAB y de Francisco Toledo A.C. mencion\u00f3 que \u201csi algo nos ense\u00f1\u00f3 el maestro Toledo fue el cari\u00f1o por Oaxaca, agradezco a todos los que apoyaron a realizar este proyecto, con esto todos estamos aportando un poco para cuidar el patrimonio de Oaxaca y para las siguientes generaciones\u201d.<\/p>\n\n\n\n<p>Durante la inauguraci\u00f3n de la reja, Monse\u00f1or Pedro V\u00e1squez Villalobos, arzobispo de la Arquidi\u00f3cesis de Antequera, agradeci\u00f3 el apoyo de las autoridades y todos los involucrados y dijo que \u201cojal\u00e1 que sigamos trabajando en unidad por el embellecimiento de nuestro Oaxaca y cuidado de los monumentos hist\u00f3ricos\u201d.<\/p>\n\n\n\n<p>Agreg\u00f3 que \u201cDios toca los corazones de todas las personas, nos ayuda a embellecer los espacios, en este caso este espacio sagrado. Quiero agradecer desde este lugar al maestro Toledo, que le recuerdo con mucho cari\u00f1o y en mi oraci\u00f3n.&nbsp;<\/p>\n\n\n\n<p>\u201cHace unos a\u00f1os entablamos un di\u00e1logo y pensamos en este proyecto, \u00e9l con gusto se comprometi\u00f3 a realizar el dise\u00f1o y aqu\u00ed est\u00e1n los dise\u00f1os del maestro, as\u00ed quer\u00eda ver este atrio de San Felipe Neri y su hija con todo su equipo hizo el trabajo\u201d.&nbsp;<\/p>\n\n\n\n<p>(Comunicado)<\/p>\n","protected":false},"excerpt":{"rendered":"<p>Redacci\u00f3n\/Zona Roja. Oaxaca de Ju\u00e1rez, Oax., a 16 de abril de 2024.- Este pues fue&hellip;<\/p>\n","protected":false},"author":2,"featured_media":67375,"comment_status":"closed","ping_status":"open","sticky":false,"template":"","format":"standard","meta":{"_lmt_disableupdate":"","_lmt_disable":"","_jetpack_memberships_contains_paid_content":false,"footnotes":""},"categories":[109,46],"tags":[3912],"class_list":["post-67372","post","type-post","status-publish","format-standard","has-post-thumbnail","hentry","category-minuto-a-minuto","category-zona-blanca","tag-templo-de-san-felipe-neri"],"jetpack_featured_media_url":"https:\/\/zonaroja.com.mx\/wp-content\/uploads\/2024\/04\/Reja-inauguracion-San-Felipe-Neri.jpg","jetpack_sharing_enabled":true,"_links":{"self":[{"href":"https:\/\/zonaroja.com.mx\/index.php?rest_route=\/wp\/v2\/posts\/67372","targetHints":{"allow":["GET"]}}],"collection":[{"href":"https:\/\/zonaroja.com.mx\/index.php?rest_route=\/wp\/v2\/posts"}],"about":[{"href":"https:\/\/zonaroja.com.mx\/index.php?rest_route=\/wp\/v2\/types\/post"}],"author":[{"embeddable":true,"href":"https:\/\/zonaroja.com.mx\/index.php?rest_route=\/wp\/v2\/users\/2"}],"replies":[{"embeddable":true,"href":"https:\/\/zonaroja.com.mx\/index.php?rest_route=%2Fwp%2Fv2%2Fcomments&post=67372"}],"version-history":[{"count":1,"href":"https:\/\/zonaroja.com.mx\/index.php?rest_route=\/wp\/v2\/posts\/67372\/revisions"}],"predecessor-version":[{"id":67376,"href":"https:\/\/zonaroja.com.mx\/index.php?rest_route=\/wp\/v2\/posts\/67372\/revisions\/67376"}],"wp:featuredmedia":[{"embeddable":true,"href":"https:\/\/zonaroja.com.mx\/index.php?rest_route=\/wp\/v2\/media\/67375"}],"wp:attachment":[{"href":"https:\/\/zonaroja.com.mx\/index.php?rest_route=%2Fwp%2Fv2%2Fmedia&parent=67372"}],"wp:term":[{"taxonomy":"category","embeddable":true,"href":"https:\/\/zonaroja.com.mx\/index.php?rest_route=%2Fwp%2Fv2%2Fcategories&post=67372"},{"taxonomy":"post_tag","embeddable":true,"href":"https:\/\/zonaroja.com.mx\/index.php?rest_route=%2Fwp%2Fv2%2Ftags&post=67372"}],"curies":[{"name":"wp","href":"https:\/\/api.w.org\/{rel}","templated":true}]}}