{"id":67377,"date":"2024-04-16T13:30:00","date_gmt":"2024-04-16T18:30:00","guid":{"rendered":"http:\/\/www.zonaroja.com.mx\/?p=67377"},"modified":"2024-04-16T08:52:05","modified_gmt":"2024-04-16T13:52:05","slug":"obrador-y-delegacion-del-gobierno-de-china-acuerdan-continuar-amistad-y-cooperacion","status":"publish","type":"post","link":"https:\/\/zonaroja.com.mx\/?p=67377","title":{"rendered":"Obrador y delegaci\u00f3n del gobierno de China acuerdan continuar amistad y cooperaci\u00f3n"},"content":{"rendered":"\n<p>Redacci\u00f3n\/Zona Roja Cdmx.<\/p>\n\n\n\n<p>Ciudad de M\u00e9xico, a 16 de abril de 2024.- El Presidente Andr\u00e9s Manuel L\u00f3pez Obrador se reuni\u00f3 ayer con el representante especial del gobierno chino para Asuntos Latinoamericanos y vicepresidente de la Asociaci\u00f3n China de Diplomacia P\u00fablica, Qiu Xiaoqi.<\/p>\n\n\n\n<p>En sus redes sociales, el mandatario inform\u00f3 que acordaron continuar la buena relaci\u00f3n en materia econ\u00f3mica, comercial, de control de tr\u00e1fico de precursores qu\u00edmicos y, desde luego, de amistad y cultura.<\/p>\n\n\n\n<p>En el encuentro participaron por parte del Gobierno de M\u00e9xico acompa\u00f1aron al presidente, las secretarias de Relaciones Exteriores, Alicia B\u00e1rcena Ibarra; de Seguridad y Protecci\u00f3n Ciudadana, Rosa Icela Rodr\u00edguez Vel\u00e1zquez y los secretarios de la Defensa Nacional, Luis Cresencio Sandoval Gonz\u00e1lez y de Marina, Jose Rafael Ojeda Dur\u00e1n.<\/p>\n\n\n\n<p>La delegaci\u00f3n de China estuvo integrada por el embajador de la Rep\u00fablica Popular China en M\u00e9xico, Zhang Run; la embajadora de la Direcci\u00f3n General para Am\u00e9rica y el Caribe del Ministerio de Asuntos Exteriores de China y ex embajadora de China en El Salvador, Ou Jianhong; la consejera de la Direcci\u00f3n General de Prensa del Ministerio de Asuntos Exteriores de China, Lu Xu.<\/p>\n\n\n\n<p>El consejero de la Direcci\u00f3n General para Am\u00e9rica y el Caribe del Ministerio de Asuntos Exteriores de China, Chen Ping; la tercera secretaria de la Direcci\u00f3n General de Prensa del Ministerio de Asuntos Exteriores de China, Bai Yihe; el jefe de la Secci\u00f3n Pol\u00edtica y Prensa de la Embajada, Chen Xiang y la secretaria particular del embajador, Yao Xing.<\/p>\n\n\n\n<p>(Informaci\u00f3n de Radio F\u00f3rmula)<\/p>\n","protected":false},"excerpt":{"rendered":"<p>Redacci\u00f3n\/Zona Roja Cdmx. Ciudad de M\u00e9xico, a 16 de abril de 2024.- El Presidente Andr\u00e9s&hellip;<\/p>\n","protected":false},"author":2,"featured_media":67378,"comment_status":"closed","ping_status":"open","sticky":false,"template":"","format":"standard","meta":{"_lmt_disableupdate":"","_lmt_disable":"","_jetpack_memberships_contains_paid_content":false,"footnotes":""},"categories":[109,46],"tags":[143],"class_list":["post-67377","post","type-post","status-publish","format-standard","has-post-thumbnail","hentry","category-minuto-a-minuto","category-zona-blanca","tag-andres-manuel-lopez-obrador"],"jetpack_featured_media_url":"https:\/\/zonaroja.com.mx\/wp-content\/uploads\/2024\/04\/Lopez-Obrador-y-delegacion-de-China.jpeg","jetpack_sharing_enabled":true,"_links":{"self":[{"href":"https:\/\/zonaroja.com.mx\/index.php?rest_route=\/wp\/v2\/posts\/67377","targetHints":{"allow":["GET"]}}],"collection":[{"href":"https:\/\/zonaroja.com.mx\/index.php?rest_route=\/wp\/v2\/posts"}],"about":[{"href":"https:\/\/zonaroja.com.mx\/index.php?rest_route=\/wp\/v2\/types\/post"}],"author":[{"embeddable":true,"href":"https:\/\/zonaroja.com.mx\/index.php?rest_route=\/wp\/v2\/users\/2"}],"replies":[{"embeddable":true,"href":"https:\/\/zonaroja.com.mx\/index.php?rest_route=%2Fwp%2Fv2%2Fcomments&post=67377"}],"version-history":[{"count":1,"href":"https:\/\/zonaroja.com.mx\/index.php?rest_route=\/wp\/v2\/posts\/67377\/revisions"}],"predecessor-version":[{"id":67379,"href":"https:\/\/zonaroja.com.mx\/index.php?rest_route=\/wp\/v2\/posts\/67377\/revisions\/67379"}],"wp:featuredmedia":[{"embeddable":true,"href":"https:\/\/zonaroja.com.mx\/index.php?rest_route=\/wp\/v2\/media\/67378"}],"wp:attachment":[{"href":"https:\/\/zonaroja.com.mx\/index.php?rest_route=%2Fwp%2Fv2%2Fmedia&parent=67377"}],"wp:term":[{"taxonomy":"category","embeddable":true,"href":"https:\/\/zonaroja.com.mx\/index.php?rest_route=%2Fwp%2Fv2%2Fcategories&post=67377"},{"taxonomy":"post_tag","embeddable":true,"href":"https:\/\/zonaroja.com.mx\/index.php?rest_route=%2Fwp%2Fv2%2Ftags&post=67377"}],"curies":[{"name":"wp","href":"https:\/\/api.w.org\/{rel}","templated":true}]}}