{"id":67387,"date":"2024-04-16T20:13:40","date_gmt":"2024-04-17T01:13:40","guid":{"rendered":"http:\/\/www.zonaroja.com.mx\/?p=67387"},"modified":"2024-04-16T20:13:42","modified_gmt":"2024-04-17T01:13:42","slug":"por-ola-de-calor-preven-temperaturas-de-45-grados-en-oaxaca","status":"publish","type":"post","link":"https:\/\/zonaroja.com.mx\/?p=67387","title":{"rendered":"Por ola de calor, prev\u00e9n temperaturas de 45 grados en Oaxaca"},"content":{"rendered":"\n<p>Redacci\u00f3n\/Zona Roja.<\/p>\n\n\n\n<p>Oaxaca de Ju\u00e1rez, Oax. 16 de abril de 2024.- La Coordinaci\u00f3n Estatal de Protecci\u00f3n Civil y Gesti\u00f3n de Riesgos de Oaxaca inform\u00f3 que derivado de la primera ola de calor originada por la circulaci\u00f3n anticicl\u00f3nica, se esperan marcas t\u00e9rmicas superiores a 40 grados en la Cuenca del Papaloapan, Istmo de Tehuantepec y Sierra de Flores Mag\u00f3n.<\/p>\n\n\n\n<p>La dependencia explic\u00f3 que los puntos de calor extremo en estas regiones pueden alcanzar los 45 grados, y de 35 a 40 grados en las dem\u00e1s zonas del estado.<\/p>\n\n\n\n<p>Asimismo, en las pr\u00f3ximas 24 horas habr\u00e1 un ascenso significativo de las temperaturas en buena parte del territorio estatal, apoyado con vientos c\u00e1lidos del sur que har\u00e1 que la sensaci\u00f3n t\u00e9rmica sea de bochorno.&nbsp;<\/p>\n\n\n\n<p>En consecuencia, las personas que viven en zonas urbanas pueden estar en mayor riesgo por los efectos de esta primera ola de calor.&nbsp;<\/p>\n\n\n\n<p>El asfalto y el concreto hidr\u00e1ulico tambi\u00e9n almacenan altas temperaturas por m\u00e1s tiempo y gradualmente se liberan por la noche, lo que puede producir un aumento de las mismas, conocidas como efectos de isla de calor.<\/p>\n\n\n\n<p>Se recomienda a la poblaci\u00f3n seguir las siguientes medidas preventivas: usar ropa ligera y de colores claros, tomar agua natural, utilizar protector solar F30+ o F40+, esto derivado de las altas temperaturas y alta radiaci\u00f3n solar provocadas por los rayos UV.<\/p>\n\n\n\n<p>Adem\u00e1s, limitar las actividades al aire libre especialmente de 11:00 a 15:00 horas, evitar ingerir bebidas alcoh\u00f3licas, con cafe\u00edna o azucaradas, ya que hacen perder l\u00edquidos corporales, usar sombrero de banda ancha, gorra o sombrilla, no dejar personas o mascotas dentro de un veh\u00edculo bajo el sol, as\u00ed como tener cuidado en el manejo de alimentos ya que las altas temperaturas favorecen su r\u00e1pida descomposici\u00f3n.<\/p>\n\n\n\n<p>ATENCI\u00d3N A MENORES<\/p>\n\n\n\n<p>La Coordinaci\u00f3n Estatal de Protecci\u00f3n Civil exhorta a madres, padres, personas tutoras y docentes a no exponer a las infancias y adolescencias al sol, ya que se esperan altas temperaturas que van de los 35 a 45 grados en algunas regiones.<\/p>\n\n\n\n<p>Estos sectores son los m\u00e1s expuestos a los cambios bruscos de temperatura, por ello recomienda al personal de las instituciones educativas a no realizar actividades f\u00edsicas entre las 11:00 y 16:00 horas, as\u00ed como implementar durante estos d\u00edas recesos cortos bajo supervisi\u00f3n.<\/p>\n\n\n\n<p>Tambi\u00e9n, a hidratarse con agua natural, evitar las bebidas azucaradas, vestir ropa suelta de colores claros y manga larga, adem\u00e1s de usar protector solar F30+ o F40+, esto derivado a la alta radiaci\u00f3n solar provocada por los rayos UV.<\/p>\n\n\n\n<p>De la misma manera, la instancia sugiere a las personas que por alguna actividad tengan que exponerse al sol, utilizar sombrilla, gorra o sombrero y lentes obscuros.&nbsp;<\/p>\n","protected":false},"excerpt":{"rendered":"<p>Redacci\u00f3n\/Zona Roja. Oaxaca de Ju\u00e1rez, Oax. 16 de abril de 2024.- La Coordinaci\u00f3n Estatal de&hellip;<\/p>\n","protected":false},"author":2,"featured_media":56646,"comment_status":"closed","ping_status":"open","sticky":false,"template":"","format":"standard","meta":{"_lmt_disableupdate":"","_lmt_disable":"","_jetpack_memberships_contains_paid_content":false,"footnotes":""},"categories":[109,46],"tags":[3583],"class_list":["post-67387","post","type-post","status-publish","format-standard","has-post-thumbnail","hentry","category-minuto-a-minuto","category-zona-blanca","tag-ola-de-calor"],"jetpack_featured_media_url":"https:\/\/zonaroja.com.mx\/wp-content\/uploads\/2023\/06\/Ola-de-calor-2.jpeg","jetpack_sharing_enabled":true,"_links":{"self":[{"href":"https:\/\/zonaroja.com.mx\/index.php?rest_route=\/wp\/v2\/posts\/67387","targetHints":{"allow":["GET"]}}],"collection":[{"href":"https:\/\/zonaroja.com.mx\/index.php?rest_route=\/wp\/v2\/posts"}],"about":[{"href":"https:\/\/zonaroja.com.mx\/index.php?rest_route=\/wp\/v2\/types\/post"}],"author":[{"embeddable":true,"href":"https:\/\/zonaroja.com.mx\/index.php?rest_route=\/wp\/v2\/users\/2"}],"replies":[{"embeddable":true,"href":"https:\/\/zonaroja.com.mx\/index.php?rest_route=%2Fwp%2Fv2%2Fcomments&post=67387"}],"version-history":[{"count":1,"href":"https:\/\/zonaroja.com.mx\/index.php?rest_route=\/wp\/v2\/posts\/67387\/revisions"}],"predecessor-version":[{"id":67388,"href":"https:\/\/zonaroja.com.mx\/index.php?rest_route=\/wp\/v2\/posts\/67387\/revisions\/67388"}],"wp:featuredmedia":[{"embeddable":true,"href":"https:\/\/zonaroja.com.mx\/index.php?rest_route=\/wp\/v2\/media\/56646"}],"wp:attachment":[{"href":"https:\/\/zonaroja.com.mx\/index.php?rest_route=%2Fwp%2Fv2%2Fmedia&parent=67387"}],"wp:term":[{"taxonomy":"category","embeddable":true,"href":"https:\/\/zonaroja.com.mx\/index.php?rest_route=%2Fwp%2Fv2%2Fcategories&post=67387"},{"taxonomy":"post_tag","embeddable":true,"href":"https:\/\/zonaroja.com.mx\/index.php?rest_route=%2Fwp%2Fv2%2Ftags&post=67387"}],"curies":[{"name":"wp","href":"https:\/\/api.w.org\/{rel}","templated":true}]}}