{"id":67389,"date":"2024-04-16T21:07:31","date_gmt":"2024-04-17T02:07:31","guid":{"rendered":"http:\/\/www.zonaroja.com.mx\/?p=67389"},"modified":"2024-04-16T21:07:32","modified_gmt":"2024-04-17T02:07:32","slug":"otra-vez-violencia-en-miahuatlan-un-asesinado-y-un-herido","status":"publish","type":"post","link":"https:\/\/zonaroja.com.mx\/?p=67389","title":{"rendered":"Otra vez violencia en Miahuatl\u00e1n: un asesinado y un herido"},"content":{"rendered":"\n<p>Ismael Garc\u00eda M.\/Zona Roja.<\/p>\n\n\n\n<p>Oaxaca de Ju\u00e1rez, Oax., a 16 de abril de 2024.- De nueva cuenta la violencia deton\u00f3 en el municipio de Miahutl\u00e1n de Porfirio D\u00edaz, con saldo hoy de una persona asesinada y otra m\u00e1s herida de bala.<\/p>\n\n\n\n<p>Alrededor de las 16:30 horas, sujetos armados ingresaron a una tienda de abarrotes denominada \u201cEl Indio\u201d, ubicada sobre el bulevar de cuatro carriles de acceso a ese municipio ubicado en la regi\u00f3n Sierra Sur de Oaxaca.<\/p>\n\n\n\n<p>Con armas de grueso calibre, acribillaron a dos personas, presuntamente por resistirse a un asalto, tras lo cual huyeron.<\/p>\n\n\n\n<p>En el sitio una persona del sexo masculino perdi\u00f3 la vida, mientras que otra result\u00f3 lesionada de gravedad y por lo cual fue trasladada a un hospital.<\/p>\n\n\n\n<p>Personal de la Fiscal\u00eda General del Estado de Oaxaca arrib\u00f3 con la finalidad de iniciar las indagatorias correspondientes.<\/p>\n\n\n\n<p>En el municipio que gobierna Jos\u00e9 Alberto Mart\u00ednez Luna, apenas ayer se registr\u00f3 otra tragedia, cuando una mujer dispar\u00f3 en contra de sus hijos y despu\u00e9s intent\u00f3 suicidarse tomando pastillas; un menor de un a\u00f1o de edad falleci\u00f3 por esos hechos.<\/p>\n\n\n\n<p>Mientras que el pasado 10 de abril un hombre y una mujer de edad avanzada fueron ultimadas a balazos en su domicilio.<\/p>\n","protected":false},"excerpt":{"rendered":"<p>Ismael Garc\u00eda M.\/Zona Roja. Oaxaca de Ju\u00e1rez, Oax., a 16 de abril de 2024.- De&hellip;<\/p>\n","protected":false},"author":2,"featured_media":67390,"comment_status":"closed","ping_status":"open","sticky":false,"template":"","format":"standard","meta":{"_lmt_disableupdate":"","_lmt_disable":"","_jetpack_memberships_contains_paid_content":false,"footnotes":""},"categories":[109,51],"tags":[169],"class_list":["post-67389","post","type-post","status-publish","format-standard","has-post-thumbnail","hentry","category-minuto-a-minuto","category-zona-roja","tag-miahuatlan-de-porfirio-diaz"],"jetpack_featured_media_url":"https:\/\/zonaroja.com.mx\/wp-content\/uploads\/2024\/04\/Asesinado-Miahuatlan-16-de-abril.jpg","jetpack_sharing_enabled":true,"_links":{"self":[{"href":"https:\/\/zonaroja.com.mx\/index.php?rest_route=\/wp\/v2\/posts\/67389","targetHints":{"allow":["GET"]}}],"collection":[{"href":"https:\/\/zonaroja.com.mx\/index.php?rest_route=\/wp\/v2\/posts"}],"about":[{"href":"https:\/\/zonaroja.com.mx\/index.php?rest_route=\/wp\/v2\/types\/post"}],"author":[{"embeddable":true,"href":"https:\/\/zonaroja.com.mx\/index.php?rest_route=\/wp\/v2\/users\/2"}],"replies":[{"embeddable":true,"href":"https:\/\/zonaroja.com.mx\/index.php?rest_route=%2Fwp%2Fv2%2Fcomments&post=67389"}],"version-history":[{"count":1,"href":"https:\/\/zonaroja.com.mx\/index.php?rest_route=\/wp\/v2\/posts\/67389\/revisions"}],"predecessor-version":[{"id":67391,"href":"https:\/\/zonaroja.com.mx\/index.php?rest_route=\/wp\/v2\/posts\/67389\/revisions\/67391"}],"wp:featuredmedia":[{"embeddable":true,"href":"https:\/\/zonaroja.com.mx\/index.php?rest_route=\/wp\/v2\/media\/67390"}],"wp:attachment":[{"href":"https:\/\/zonaroja.com.mx\/index.php?rest_route=%2Fwp%2Fv2%2Fmedia&parent=67389"}],"wp:term":[{"taxonomy":"category","embeddable":true,"href":"https:\/\/zonaroja.com.mx\/index.php?rest_route=%2Fwp%2Fv2%2Fcategories&post=67389"},{"taxonomy":"post_tag","embeddable":true,"href":"https:\/\/zonaroja.com.mx\/index.php?rest_route=%2Fwp%2Fv2%2Ftags&post=67389"}],"curies":[{"name":"wp","href":"https:\/\/api.w.org\/{rel}","templated":true}]}}