{"id":6739,"date":"2019-12-17T16:02:48","date_gmt":"2019-12-17T22:02:48","guid":{"rendered":"https:\/\/www.zonaroja.com.mx\/?p=6739"},"modified":"2019-12-17T16:02:51","modified_gmt":"2019-12-17T22:02:51","slug":"exige-justicia-san-agustin-loxicha-al-gobierno-de-oaxaca-seis-homicidios-impunes","status":"publish","type":"post","link":"https:\/\/zonaroja.com.mx\/?p=6739","title":{"rendered":"Exige justicia San Agust\u00edn Loxicha al gobierno de Oaxaca; seis homicidios impunes"},"content":{"rendered":"\n<p>Redacci\u00f3n\/Zona Roja.&nbsp;<\/p>\n\n\n\n<p>Oaxaca de Ju\u00e1rez, Oax.. 17 de diciembre de 2019.- Alrededor de&nbsp;24 presos pol\u00edticos y m\u00e1s de seis personas asesinadas, es el saldo del un conflicto pol\u00edtico en San Agust\u00edn Loxicha, del cual ind\u00edgenas organizados responsabilizan al ex diputado federal pri\u00edsta Oscar Valencia, a quien acusan de cacique en la zona y no querer que el pueblo gobierne.<\/p>\n\n\n\n<p>As\u00ed lo dieron a conocer integrantes del Consejo de Comunidades Ind\u00edgenas Regi\u00f3n Loxicha, Sierra Sur, quienes se manifestaron&nbsp;<a href=\"\/\/0\">este martes<\/a>&nbsp;a las afueras de Palacio de Gobierno para exigir una mesa de dialogo y negociaci\u00f3n inmediata con el gobernador Alejandro Murat Hinojosa, a quien le reclaman el incumplimiento de compromisos previos.<\/p>\n\n\n\n<p>De acuerdo con el vocero de la organizaci\u00f3n, Galdino Enr\u00edquez Santiago, el pasado mes de septiembre y luego de realizar una marcha, el mandatario estatal se comprometi\u00f3 a dar puntual atenci\u00f3n a sus demandas en torno a la liberaci\u00f3n de 24 presos pol\u00edticos de San Agust\u00edn Loxicha, quienes est\u00e1n recluidos por delitos fabricados debido a su oposici\u00f3n al caciquismo en la zona. &nbsp;<\/p>\n\n\n\n<p>En la reuni\u00f3n que sostuvieron con Murat Hinojosa, \u00e9ste les asegur\u00f3 que en mes y medio tendri\u00e1n respuestas satisfactorias a sus demandas, lo cual no sucedi\u00f3 y por el contrario uno de los casos de los presos pol\u00edticos se resolvi\u00f3 de manera contraria a la planteada por los manifestantes.&nbsp;&nbsp;<\/p>\n\n\n\n<p>\u201cNo entendemos porqu\u00e9 &nbsp;no han sido liberados, son compa\u00f1eros que est\u00e1n en la c\u00e1rcel por delitos fabricados&nbsp;&nbsp;y muchos de ellos ni siquiera han sido sentenciados\u201d, explic\u00f3 el vocero de la organizaci\u00f3n.<\/p>\n\n\n\n<p>En este sentido tambi\u00e9n evidenci\u00f3 la violencia que se ha incrementado en la localidad, la cual le ha arrebatado la vida a m\u00e1s de seis personas, recientemente al agente municipal de San Francisco Loxicha, Alejandro Enrique Jos\u00e9, por lo que insistieron en la instalaci\u00f3n de la mesa de dialogo y negociaci\u00f3n con el gobierno del estado.<\/p>\n\n\n\n<p>Explicaron que a una semana de los hechos, nada se sabe de las investigaciones, aunque el pueblo ha responsabilizado a Oscar Valencia y su gente que se niegan a perder el control de la localidad, de la cual se han servido para cubrir intereses personales. &nbsp;&nbsp;<\/p>\n\n\n\n<p>Por su parte, el presidente de San Agust\u00edn Loxicha, Pedro V\u00e1squez Ram\u00edrez, denunci\u00f3 que ha sido acusado por el delito de homicidio injustamente, al igual que muchos de los 24 presos pol\u00edticos de quienes se exige su liberaci\u00f3n, debido a que no cometieron los il\u00edcitos de los que se les acusa, prueba de ello es que ni siquiera han sido sentenciados.<\/p>\n\n\n\n<p>\u201cOscar Valencia no quiere que el pueblo llegue al poder, ya me acusaron y tengo dos \u00f3rdenes de aprehensi\u00f3n &nbsp;por delitos fabricados a partir de falsedades. Yo no tengo miedo, el pueblo me dio un voto de confianza y yo voy a luchar para que nuestros paisanos sean liberados\u201d, dijo Vasquez Ram\u00edrez.<\/p>\n\n\n\n<p>Finalmente, explic\u00f3 que dentro de sus demandas se encuentra tambi\u00e9n la solicitud de mayor seguridad en la zona, debido a que se ha incrementado la violencia y los ataques en contra de quienes se oponen al cacicazgo en la regi\u00f3n de la Sierra Sur.<br class=\"Apple-interchange-newline\" \/><\/p>\n","protected":false},"excerpt":{"rendered":"<p>Redacci\u00f3n\/Zona Roja.&nbsp; Oaxaca de Ju\u00e1rez, Oax.. 17 de diciembre de 2019.- Alrededor de&nbsp;24 presos pol\u00edticos&hellip;<\/p>\n","protected":false},"author":2,"featured_media":6738,"comment_status":"closed","ping_status":"open","sticky":false,"template":"","format":"standard","meta":{"_lmt_disableupdate":"","_lmt_disable":"","_jetpack_memberships_contains_paid_content":false,"footnotes":""},"categories":[109,51],"tags":[829],"class_list":["post-6739","post","type-post","status-publish","format-standard","has-post-thumbnail","hentry","category-minuto-a-minuto","category-zona-roja","tag-san-agustin-loxicha"],"jetpack_featured_media_url":"https:\/\/zonaroja.com.mx\/wp-content\/uploads\/2019\/12\/7b06ea6c-020c-4f90-8cdf-410cdb86392e.jpg","jetpack_sharing_enabled":true,"_links":{"self":[{"href":"https:\/\/zonaroja.com.mx\/index.php?rest_route=\/wp\/v2\/posts\/6739","targetHints":{"allow":["GET"]}}],"collection":[{"href":"https:\/\/zonaroja.com.mx\/index.php?rest_route=\/wp\/v2\/posts"}],"about":[{"href":"https:\/\/zonaroja.com.mx\/index.php?rest_route=\/wp\/v2\/types\/post"}],"author":[{"embeddable":true,"href":"https:\/\/zonaroja.com.mx\/index.php?rest_route=\/wp\/v2\/users\/2"}],"replies":[{"embeddable":true,"href":"https:\/\/zonaroja.com.mx\/index.php?rest_route=%2Fwp%2Fv2%2Fcomments&post=6739"}],"version-history":[{"count":1,"href":"https:\/\/zonaroja.com.mx\/index.php?rest_route=\/wp\/v2\/posts\/6739\/revisions"}],"predecessor-version":[{"id":6740,"href":"https:\/\/zonaroja.com.mx\/index.php?rest_route=\/wp\/v2\/posts\/6739\/revisions\/6740"}],"wp:featuredmedia":[{"embeddable":true,"href":"https:\/\/zonaroja.com.mx\/index.php?rest_route=\/wp\/v2\/media\/6738"}],"wp:attachment":[{"href":"https:\/\/zonaroja.com.mx\/index.php?rest_route=%2Fwp%2Fv2%2Fmedia&parent=6739"}],"wp:term":[{"taxonomy":"category","embeddable":true,"href":"https:\/\/zonaroja.com.mx\/index.php?rest_route=%2Fwp%2Fv2%2Fcategories&post=6739"},{"taxonomy":"post_tag","embeddable":true,"href":"https:\/\/zonaroja.com.mx\/index.php?rest_route=%2Fwp%2Fv2%2Ftags&post=6739"}],"curies":[{"name":"wp","href":"https:\/\/api.w.org\/{rel}","templated":true}]}}