{"id":67392,"date":"2024-04-16T22:14:19","date_gmt":"2024-04-17T03:14:19","guid":{"rendered":"http:\/\/www.zonaroja.com.mx\/?p=67392"},"modified":"2024-04-16T22:30:07","modified_gmt":"2024-04-17T03:30:07","slug":"con-homenaje-a-tata-nacho-celebraran-el-492-aniversario-de-la-ciudad-de-oaxaca","status":"publish","type":"post","link":"https:\/\/zonaroja.com.mx\/?p=67392","title":{"rendered":"Con homenaje a \u201cTata Nacho\u201d celebrar\u00e1n el 492 aniversario de la ciudad de Oaxaca"},"content":{"rendered":"\n<p>Ismael Garc\u00eda M.\/Zona Roja.<\/p>\n\n\n\n<p>Oaxaca de Ju\u00e1rez, Oax., a 16 de abril de 2024.- Con un homenaje a Ignacio Fern\u00e1ndez Esper\u00f3n, conocido art\u00edsticamente como \u201cTata Nacho\u201d, y con m\u00faltiples actividades tradicionales y art\u00edsticas, se conmemorar\u00e1 el 492 aniversario de la ciudad de Oaxaca.<\/p>\n\n\n\n<p>Las actividades fueron anunciadas este martes por el ayuntamiento de Oaxaca de Ju\u00e1rez, encabezado por el edil Francisco Mart\u00ednez Neri, en que se detall\u00f3 la programaci\u00f3n por cuatro d\u00edas, que incluye conciertos de gala, baile popular, una puesta en escena con m\u00faltiples actores y bailarines, as\u00ed como una sesi\u00f3n solemne de Cabildo.<\/p>\n\n\n\n<p>De acuerdo con la secretaria de Arte y Cultura municipal, Leticia Ivonne Valle Mijangos, recientemente el compositor mexicano \u201cTata Nacho\u201d cumpli\u00f3 130 a\u00f1os de haber nacido en la capital de Oaxaca y el homenaje es en raz\u00f3n a su trayectoria como compositor, cuyas piezas se han interpretado a nivel internacional.<\/p>\n\n\n\n<p>\u201cEstamos contentos que llegue ese d\u00eda -el 25 de abril-, porque podamos festejarla de la manera mejor organizada; que hagamos todos el esfuerzo porque la ciudadan\u00eda cobre conciencia de la necesidad de festejar acontecimientos de esta naturaleza\u201d, dijo Mart\u00ednez Neri.<\/p>\n\n\n\n<p>Las actividades comienzan el d\u00eda jueves 25 de abril desde temprana hora, con las tradicionales \u201cMa\u00f1anitas\u201d, el reparto de atole y tamales, la apertura de la calle de Bustamante, rehabilitada como peatonal, y una sesi\u00f3n solemne de Cabildo, en el teatro \u201cMacedonio Alcal\u00e1\u201d.<\/p>\n\n\n\n<p>A las 19:30 horas de ese d\u00eda se presentar\u00e1 un ensamble multidisciplinario, titulado \u201cHuellas de Oaxaca\u201d bajo la direcci\u00f3n de Eduardo Blanco y en que participan, entre otro, el tenor Luis Adri\u00e1n, la Escuela Cubana de Ballet Cl\u00e1sico, la banda de m\u00fasica \u201cAzul de Oaxaca\u201d, las \u201cChinas oaxaque\u00f1as\u201d, por mencionar a algunos.<\/p>\n\n\n\n<p>La jornada terminar\u00e1 con un baile popular y la quema del castillo con juegos pirot\u00e9cnicos.<\/p>\n\n\n\n<p>Las actividades continuar\u00e1n los d\u00edas 26, 27 y 28 de abril, en que habr\u00e1 conciertos con la Orquesta Sinf\u00f3nica, estreno de obras musicales y la presentaci\u00f3n de la orquesta sinf\u00f3nica y coro de la Central de Abasto con Esperanza Azteca.<\/p>\n\n\n\n<figure class=\"wp-block-image size-large\"><a href=\"http:\/\/www.zonaroja.com.mx\/wp-content\/uploads\/2024\/04\/Programacion-aniversario-de-la-ciudad.jpg\" data-rel=\"penci-gallery-image-content\" ><img decoding=\"async\" width=\"654\" height=\"1024\" src=\"http:\/\/www.zonaroja.com.mx\/wp-content\/uploads\/2024\/04\/Programacion-aniversario-de-la-ciudad-654x1024.jpg\" alt=\"\" class=\"wp-image-67393\" srcset=\"https:\/\/zonaroja.com.mx\/wp-content\/uploads\/2024\/04\/Programacion-aniversario-de-la-ciudad-654x1024.jpg 654w, https:\/\/zonaroja.com.mx\/wp-content\/uploads\/2024\/04\/Programacion-aniversario-de-la-ciudad-191x300.jpg 191w, https:\/\/zonaroja.com.mx\/wp-content\/uploads\/2024\/04\/Programacion-aniversario-de-la-ciudad-768x1203.jpg 768w, https:\/\/zonaroja.com.mx\/wp-content\/uploads\/2024\/04\/Programacion-aniversario-de-la-ciudad-980x1536.jpg 980w, https:\/\/zonaroja.com.mx\/wp-content\/uploads\/2024\/04\/Programacion-aniversario-de-la-ciudad-1170x1833.jpg 1170w, https:\/\/zonaroja.com.mx\/wp-content\/uploads\/2024\/04\/Programacion-aniversario-de-la-ciudad-585x916.jpg 585w, https:\/\/zonaroja.com.mx\/wp-content\/uploads\/2024\/04\/Programacion-aniversario-de-la-ciudad.jpg 1179w\" sizes=\"(max-width: 654px) 100vw, 654px\" \/><\/a><\/figure>\n","protected":false},"excerpt":{"rendered":"<p>Ismael Garc\u00eda M.\/Zona Roja. Oaxaca de Ju\u00e1rez, Oax., a 16 de abril de 2024.- Con&hellip;<\/p>\n","protected":false},"author":2,"featured_media":67395,"comment_status":"closed","ping_status":"open","sticky":false,"template":"","format":"standard","meta":{"_lmt_disableupdate":"","_lmt_disable":"","_jetpack_memberships_contains_paid_content":false,"footnotes":""},"categories":[109,46],"tags":[148],"class_list":["post-67392","post","type-post","status-publish","format-standard","has-post-thumbnail","hentry","category-minuto-a-minuto","category-zona-blanca","tag-oaxaca-de-juarez"],"jetpack_featured_media_url":"https:\/\/zonaroja.com.mx\/wp-content\/uploads\/2024\/04\/Francisco-Martinez-Neri-conferencia.jpg","jetpack_sharing_enabled":true,"_links":{"self":[{"href":"https:\/\/zonaroja.com.mx\/index.php?rest_route=\/wp\/v2\/posts\/67392","targetHints":{"allow":["GET"]}}],"collection":[{"href":"https:\/\/zonaroja.com.mx\/index.php?rest_route=\/wp\/v2\/posts"}],"about":[{"href":"https:\/\/zonaroja.com.mx\/index.php?rest_route=\/wp\/v2\/types\/post"}],"author":[{"embeddable":true,"href":"https:\/\/zonaroja.com.mx\/index.php?rest_route=\/wp\/v2\/users\/2"}],"replies":[{"embeddable":true,"href":"https:\/\/zonaroja.com.mx\/index.php?rest_route=%2Fwp%2Fv2%2Fcomments&post=67392"}],"version-history":[{"count":2,"href":"https:\/\/zonaroja.com.mx\/index.php?rest_route=\/wp\/v2\/posts\/67392\/revisions"}],"predecessor-version":[{"id":67397,"href":"https:\/\/zonaroja.com.mx\/index.php?rest_route=\/wp\/v2\/posts\/67392\/revisions\/67397"}],"wp:featuredmedia":[{"embeddable":true,"href":"https:\/\/zonaroja.com.mx\/index.php?rest_route=\/wp\/v2\/media\/67395"}],"wp:attachment":[{"href":"https:\/\/zonaroja.com.mx\/index.php?rest_route=%2Fwp%2Fv2%2Fmedia&parent=67392"}],"wp:term":[{"taxonomy":"category","embeddable":true,"href":"https:\/\/zonaroja.com.mx\/index.php?rest_route=%2Fwp%2Fv2%2Fcategories&post=67392"},{"taxonomy":"post_tag","embeddable":true,"href":"https:\/\/zonaroja.com.mx\/index.php?rest_route=%2Fwp%2Fv2%2Ftags&post=67392"}],"curies":[{"name":"wp","href":"https:\/\/api.w.org\/{rel}","templated":true}]}}