{"id":67398,"date":"2024-04-17T08:01:48","date_gmt":"2024-04-17T13:01:48","guid":{"rendered":"http:\/\/www.zonaroja.com.mx\/?p=67398"},"modified":"2024-04-17T08:01:49","modified_gmt":"2024-04-17T13:01:49","slug":"revisan-conflictos-agrarios-algidos-en-la-mixteca-oaxaquena","status":"publish","type":"post","link":"https:\/\/zonaroja.com.mx\/?p=67398","title":{"rendered":"Revisan conflictos agrarios \u00e1lgidos en la Mixteca oaxaque\u00f1a"},"content":{"rendered":"\n<p>Redacci\u00f3n\/Zona Roja.&nbsp;<\/p>\n\n\n\n<p>Oaxaca de Ju\u00e1rez, Oax., a 17 de abril de 2024.- Autoridades de los tres niveles de gobierno instalaron ayer una Mesa de Atenci\u00f3n Agraria Federal y Estatal para analizar y resolver conflictos \u00e1lgidos.<\/p>\n\n\n\n<p>Entre los problemas catalogados como de atenci\u00f3n prioritaria se encuentran el de Llano de Guadalupe, San Miguel El Grande, con Guadalupe Victoria, de la Heroica Ciudad de Tlaxiaco. As\u00ed tambi\u00e9n, el de Santiago Mitlatongo con Santa Cruz Mitlatongo.<\/p>\n\n\n\n<p>El mandatario Salom\u00f3n Jara Cruz encabez\u00f3 ayer reuniones por separado con las partes involucradas, con la finalidad de hallar soluciones a la problem\u00e1tica agraria, que en algunos casos tienen d\u00e9cadas.<\/p>\n\n\n\n<p>En los encuentros efectuados en el Palacio de Gobierno se analizaron los casos de Santiago Mitlatongo, perteneciente al municipio de Asunci\u00f3n Nochixtl\u00e1n, y Santa Cruz Mitlatongo del municipio de Magdalena Jaltepec.<\/p>\n\n\n\n<p>Asimismo, del municipio de San Miguel el Grande con la localidad de Llano de Guadalupe perteneciente a la Heroica Ciudad de Tlaxiaco, y Santo Domingo Teojomulco con San Pedro el Alto, de la Sierra Sur.&nbsp;<\/p>\n\n\n\n<p>En las mesas que responden a las instrucciones de lograr la paz por parte del titular del Ejecutivo federal Andr\u00e9s Manuel L\u00f3pez Obrador y del mandatario estatal, mediante la atenci\u00f3n y resoluci\u00f3n de los conflictos, destac\u00f3 el ambiente de respeto, igualdad y confianza para que las partes involucradas dieran a conocer sus puntos de vista, propuestas y acuerdos, sin tomar partido por ning\u00fan territorio espec\u00edfico.<\/p>\n\n\n\n<p>Durante los encuentros interinstitucionales estuvo presente la subsecretaria de Desarrollo Democr\u00e1tico, Participaci\u00f3n Social y Asuntos Religiosos de la Secretar\u00eda de Gobernaci\u00f3n (Segob), Iris Mariana Rodr\u00edguez Bello, quien reiter\u00f3 que priorizar el di\u00e1logo es una forma de construir soluciones y garantizar los derechos humanos de todas y todos.<\/p>\n\n\n\n<p>Asimismo, el titular de la Procuradur\u00eda Agraria, Luis Rafael Hern\u00e1ndez Palacios Mir\u00f3n, asegur\u00f3 que los trabajos buscan lograr el bienestar y mejorar la calidad de vida de las y los habitantes de las comunidades, y que a partir de la paz, se tenga certeza jur\u00eddica de sus tierras.<\/p>\n\n\n\n<p>De acuerdo con el secretario de Gobierno, Jes\u00fas Romero L\u00f3pez, derivado de un acuerdo entre el Presidente de M\u00e9xico y el Gobernador del Estado, y bajo el programa de Paz con Justicia y Bienestar en su eje Paz Territorial, las mesas atender\u00e1n con prontitud ocho conflictos agrarios que han cobrado vidas en Oaxaca, con la confianza de que, con unidad y trabajo en equipo, se lograr\u00e1 la tan anhelada paz.<\/p>\n\n\n\n<p>Los encuentros contaron con la participaci\u00f3n de dependencias federales como la Segob, Secretar\u00eda de Desarrollo Agrario, Territorial y Urbano (Sedatu), Registro Agrario Nacional (RAN) y la Secretar\u00eda de Medio Ambiente y Recursos Naturales (Semarnat), la Estaci\u00f3n del Centro Nacional de Inteligencia (CNI) en Oaxaca por mencionar algunas.<\/p>\n\n\n\n<p>Adem\u00e1s, de instancias locales como la Fiscal\u00eda General del Estado de Oaxaca (FGEO), la Junta de Conciliaci\u00f3n Agraria y la Coordinaci\u00f3n de Atenci\u00f3n a los Derechos Humanos (CADH) del Poder Ejecutivo del Estado de Oaxaca, entre otras.<\/p>\n","protected":false},"excerpt":{"rendered":"<p>Redacci\u00f3n\/Zona Roja.&nbsp; Oaxaca de Ju\u00e1rez, Oax., a 17 de abril de 2024.- Autoridades de los&hellip;<\/p>\n","protected":false},"author":2,"featured_media":67399,"comment_status":"closed","ping_status":"open","sticky":false,"template":"","format":"standard","meta":{"_lmt_disableupdate":"","_lmt_disable":"","_jetpack_memberships_contains_paid_content":false,"footnotes":""},"categories":[109,46],"tags":[939],"class_list":["post-67398","post","type-post","status-publish","format-standard","has-post-thumbnail","hentry","category-minuto-a-minuto","category-zona-blanca","tag-salomon-jara-cruz"],"jetpack_featured_media_url":"https:\/\/zonaroja.com.mx\/wp-content\/uploads\/2024\/04\/7.-SEGOB.-Avanza-la-atencion-para-resarcir-la-conflictividad-agraria-en-Oaxaca.jpeg","jetpack_sharing_enabled":true,"_links":{"self":[{"href":"https:\/\/zonaroja.com.mx\/index.php?rest_route=\/wp\/v2\/posts\/67398","targetHints":{"allow":["GET"]}}],"collection":[{"href":"https:\/\/zonaroja.com.mx\/index.php?rest_route=\/wp\/v2\/posts"}],"about":[{"href":"https:\/\/zonaroja.com.mx\/index.php?rest_route=\/wp\/v2\/types\/post"}],"author":[{"embeddable":true,"href":"https:\/\/zonaroja.com.mx\/index.php?rest_route=\/wp\/v2\/users\/2"}],"replies":[{"embeddable":true,"href":"https:\/\/zonaroja.com.mx\/index.php?rest_route=%2Fwp%2Fv2%2Fcomments&post=67398"}],"version-history":[{"count":1,"href":"https:\/\/zonaroja.com.mx\/index.php?rest_route=\/wp\/v2\/posts\/67398\/revisions"}],"predecessor-version":[{"id":67400,"href":"https:\/\/zonaroja.com.mx\/index.php?rest_route=\/wp\/v2\/posts\/67398\/revisions\/67400"}],"wp:featuredmedia":[{"embeddable":true,"href":"https:\/\/zonaroja.com.mx\/index.php?rest_route=\/wp\/v2\/media\/67399"}],"wp:attachment":[{"href":"https:\/\/zonaroja.com.mx\/index.php?rest_route=%2Fwp%2Fv2%2Fmedia&parent=67398"}],"wp:term":[{"taxonomy":"category","embeddable":true,"href":"https:\/\/zonaroja.com.mx\/index.php?rest_route=%2Fwp%2Fv2%2Fcategories&post=67398"},{"taxonomy":"post_tag","embeddable":true,"href":"https:\/\/zonaroja.com.mx\/index.php?rest_route=%2Fwp%2Fv2%2Ftags&post=67398"}],"curies":[{"name":"wp","href":"https:\/\/api.w.org\/{rel}","templated":true}]}}