{"id":67401,"date":"2024-04-17T08:32:10","date_gmt":"2024-04-17T13:32:10","guid":{"rendered":"http:\/\/www.zonaroja.com.mx\/?p=67401"},"modified":"2024-04-17T08:32:25","modified_gmt":"2024-04-17T13:32:25","slug":"ataque-armado-entre-comunidades-oaxaquenas-deja-dos-heridos","status":"publish","type":"post","link":"https:\/\/zonaroja.com.mx\/?p=67401","title":{"rendered":"Ataque armado entre comunidades oaxaque\u00f1as deja dos heridos"},"content":{"rendered":"\n<p>Ismael Garc\u00eda M.\/Zona Roja.<\/p>\n\n\n\n<p>Oaxaca de Ju\u00e1rez, Oax., a 17 de abril de 2024.- Dos personas lesionadas es el saldo preliminar de un ataque armado presuntamente por parte de pobladores de Santos Reyes Zochiquilazala contra habitantes de San Mart\u00edn Peras, municipio de la regi\u00f3n Mixteca de Oaxaca.<\/p>\n\n\n\n<p>Este martes, la autoridad municipal de Peras pidi\u00f3 ayuda urgente a las autoridades federales y estatales porque, adem\u00e1s, sus vecinos habr\u00edan originado un incendio forestal, que se encuentra fuera de control y amenaza a las zonas urbanas.<\/p>\n\n\n\n<p>El presidente municipal Elpido Herdelio Ram\u00edrez Morales envi\u00f3 un escrito al Presidente Andr\u00e9s Manuel L\u00f3pez Obrador y al gobernador Salom\u00f3n Jara Cruz, as\u00ed como a organismos de derechos humanos, para que intervengan de inmediato y se eviten tragedias.<\/p>\n\n\n\n<p>\u201cDesde el d\u00eda de ayer (lunes), un grupo de personas de la comunidad de Santos Reyes Zochiquilazala empezaron a realizar disparos de arma de fuego de alto calibre en contra de habitantes de nuestra comunidad, a la altura de la agencia\u2026<\/p>\n\n\n\n<p>\u201cContinuando hasta el momento la agresi\u00f3n, y como resultado dos personas heridas por proyectiles de arma de fuego, desconoci\u00e9ndose el motivo de dicha agresi\u00f3n\u201d.<\/p>\n\n\n\n<p>Por ello, pidi\u00f3 la presencia urgente de polic\u00edas estatales y de la Guardia Nacional, con la finalidad de resguardar a la poblaci\u00f3n de San Mart\u00edn Peras.<\/p>\n\n\n\n<p>La cabecera municipal mantiene una a\u00f1eja disputa agraria con su agencia de Zochiquilazala, que ha derivado en diversos ataques armados y retenci\u00f3n de personas.<\/p>\n\n\n\n<p>Entre ellos, el asesinato de tres personas en enero del 2020 y en julio del mismo a\u00f1o la retenci\u00f3n de 12 personas de Peras en Santos Reyes.<\/p>\n","protected":false},"excerpt":{"rendered":"<p>Ismael Garc\u00eda M.\/Zona Roja. Oaxaca de Ju\u00e1rez, Oax., a 17 de abril de 2024.- Dos&hellip;<\/p>\n","protected":false},"author":2,"featured_media":67402,"comment_status":"closed","ping_status":"open","sticky":false,"template":"","format":"standard","meta":{"_lmt_disableupdate":"","_lmt_disable":"","_jetpack_memberships_contains_paid_content":false,"footnotes":""},"categories":[109,47],"tags":[1872],"class_list":["post-67401","post","type-post","status-publish","format-standard","has-post-thumbnail","hentry","category-minuto-a-minuto","category-zona-gris","tag-san-martin-peras"],"jetpack_featured_media_url":"https:\/\/zonaroja.com.mx\/wp-content\/uploads\/2024\/04\/Conflicto-San-Martin-Peras-Zochiquilazala.png","jetpack_sharing_enabled":true,"_links":{"self":[{"href":"https:\/\/zonaroja.com.mx\/index.php?rest_route=\/wp\/v2\/posts\/67401","targetHints":{"allow":["GET"]}}],"collection":[{"href":"https:\/\/zonaroja.com.mx\/index.php?rest_route=\/wp\/v2\/posts"}],"about":[{"href":"https:\/\/zonaroja.com.mx\/index.php?rest_route=\/wp\/v2\/types\/post"}],"author":[{"embeddable":true,"href":"https:\/\/zonaroja.com.mx\/index.php?rest_route=\/wp\/v2\/users\/2"}],"replies":[{"embeddable":true,"href":"https:\/\/zonaroja.com.mx\/index.php?rest_route=%2Fwp%2Fv2%2Fcomments&post=67401"}],"version-history":[{"count":1,"href":"https:\/\/zonaroja.com.mx\/index.php?rest_route=\/wp\/v2\/posts\/67401\/revisions"}],"predecessor-version":[{"id":67403,"href":"https:\/\/zonaroja.com.mx\/index.php?rest_route=\/wp\/v2\/posts\/67401\/revisions\/67403"}],"wp:featuredmedia":[{"embeddable":true,"href":"https:\/\/zonaroja.com.mx\/index.php?rest_route=\/wp\/v2\/media\/67402"}],"wp:attachment":[{"href":"https:\/\/zonaroja.com.mx\/index.php?rest_route=%2Fwp%2Fv2%2Fmedia&parent=67401"}],"wp:term":[{"taxonomy":"category","embeddable":true,"href":"https:\/\/zonaroja.com.mx\/index.php?rest_route=%2Fwp%2Fv2%2Fcategories&post=67401"},{"taxonomy":"post_tag","embeddable":true,"href":"https:\/\/zonaroja.com.mx\/index.php?rest_route=%2Fwp%2Fv2%2Ftags&post=67401"}],"curies":[{"name":"wp","href":"https:\/\/api.w.org\/{rel}","templated":true}]}}