{"id":67404,"date":"2024-04-17T10:32:00","date_gmt":"2024-04-17T15:32:00","guid":{"rendered":"http:\/\/www.zonaroja.com.mx\/?p=67404"},"modified":"2024-04-17T08:40:07","modified_gmt":"2024-04-17T13:40:07","slug":"escala-conflicto-por-la-suprema-corte-de-justicia-de-la-nacion","status":"publish","type":"post","link":"https:\/\/zonaroja.com.mx\/?p=67404","title":{"rendered":"Escala conflicto por la Suprema Corte de Justicia de la Naci\u00f3n"},"content":{"rendered":"\n<p>Redacci\u00f3n\/Zona Roja Cdmx.<\/p>\n\n\n\n<p>Ciudad de M\u00e9xico, a 17 de abril de 2024.- Tras el inici\u00f3 de una investigaci\u00f3n por parte de la Suprema Corte de Justicia de la Naci\u00f3n (SCJN) en su contra, el ministro Arturo Zald\u00edvar, apoyado por el Partido Morena, anunci\u00f3 que pedir\u00e1 juicio pol\u00edtico en contra de la presidenta del \u00f3rgano, Norma Pi\u00f1a.<\/p>\n\n\n\n<p>Ayer en conferencia de prensa acompa\u00f1ado del dirigente nacional de Morena, Mario Delgado, anunci\u00f3 que, junto con el partido guinda y con el equipo de campa\u00f1a de Claudia Sheinbaum, presentar\u00e1n durante los pr\u00f3ximos d\u00edas una denuncia de juicio pol\u00edtico en contra de la presidenta de la SCJN, as\u00ed como una serie de denuncias igualmente contra la ministra Pi\u00f1a ante la propia Corte, ante el Consejo de la Judicatura Federal, ante la Fiscal\u00eda General de la Rep\u00fablica (FGR), y ante el Instituto Nacional de Transparencia, Acceso a la Informaci\u00f3n y Protecci\u00f3n de Datos Personales (Inai), as\u00ed como diversas quejas ante el Instituto Nacional Electoral (INE).<\/p>\n\n\n\n<p>Recalc\u00f3 que es por el c\u00famulo de irregularidades por la \u201cintervenci\u00f3n indebida de Norma Pi\u00f1a en el proceso electoral y el uso faccioso de la Corte y del Poder Judicial de la Federaci\u00f3n\u201d.<\/p>\n\n\n\n<p>Agreg\u00f3 que \u201cla ministra Pi\u00f1a ha incurrido en responsabilidades que pudieran dar lugar a delitos, en responsabilidades electorales, administrativas y pol\u00edticas. Es indigno usar a la Corte para pretender obtener beneficios de una candidata de la derecha conservadora, y para tratar de detener la reforma judicial que estamos empujando\u201d.<\/p>\n\n\n\n<p>Al referirse a la investigaci\u00f3n en su contra por la \u201csupuesta denuncias an\u00f3nimas, sin ninguna prueba\u201d, Zald\u00edvar subray\u00f3 que \u201cla ministra Pi\u00f1a decidi\u00f3 intervenir en el proceso electoral\u201d. Consider\u00f3 que la denuncia se \u201cfiltr\u00f3 en medios y redes con el \u00fanico prop\u00f3sito de da\u00f1ar pol\u00edticamente a mi persona y a nuestro movimiento\u201d, se\u00f1al\u00f3 Zald\u00edvar este martes.<\/p>\n\n\n\n<p>Sostuvo que \u201cno es nueva la cercan\u00eda de Norma Pi\u00f1a con la candidata del PRIAN, y la derecha, con los intereses que ella representa\u201d y dijo que sus votaciones y decisiones \u201cson clar\u00edsimas para ubicarla como brazo opositor\u201d al gobierno del presidente L\u00f3pez Obrador y ahora a la candidatura de Claudia Sheinbaum.<\/p>\n\n\n\n<p>RESPALDAN A PI\u00d1A<\/p>\n\n\n\n<p>Por su parte, la Asociaci\u00f3n Nacional de Magistrados de Circuito y Jueces de Distrito del Poder Judicial de la Federaci\u00f3n (Jufed) expres\u00f3 su \u201cabsoluto respaldo\u201d a la Ministra Presidenta de la Suprema Corte de Justicia de la Naci\u00f3n y del Consejo de la Judicatura Federal, Norma Luc\u00eda Pi\u00f1a Hern\u00e1ndez.<\/p>\n\n\n\n<p>Rechaz\u00f3 \u201ccualquier intento de vincular su obligaci\u00f3n de someter a investigaciones administrativas denuncias que son de su conocimiento por probables actos irregulares, como una estrategia maquinada para incidir en el proceso electoral y, lo m\u00e1s grave, actuar contra una candidata en espec\u00edfico\u201d.<\/p>\n\n\n\n<p>No obstante dijo, \u201csu uso ha sido recurrente para intimidar a las y los juzgadores de manera constante. En ese entendido, resulta parad\u00f3jico que se pretenda iniciar una campa\u00f1a difamatoria contra la ministra presidenta, por cumplir con la obligaci\u00f3n que los ciudadanos le demandan: cerrar espacios a actos probables de corrupci\u00f3n y de influir en las decisiones jurisdiccionales para beneficiar a una de las partes\u201d.<\/p>\n\n\n\n<p>La Jufed se\u00f1al\u00f3 que todos los servidores p\u00fablicos y quienes pertenecen a la carrera judicial, est\u00e1n comprometidos con la rectitud en su actuar y deben comportarse conforme al C\u00f3digo de \u00c9tica del Poder Judicial Federal, as\u00ed como asumir su responsabilidad por acci\u00f3n u omisi\u00f3n, frente a quejas o denuncias que se presenten en su contra.<\/p>\n\n\n\n<p>\u201cNo es at\u00edpico que se presenten quejas y denuncias en contra de las personas juzgadoras ante el Consejo de la Judicatura Federal, porque alguna de las partes considere que no se actu\u00f3 conforme a determinados par\u00e1metros o porque no result\u00f3 ganadora en un proceso\u201d.&nbsp;<\/p>\n\n\n\n<p>(Con informaci\u00f3n de \u201cLa Jornada\u201d)<\/p>\n","protected":false},"excerpt":{"rendered":"<p>Redacci\u00f3n\/Zona Roja Cdmx. Ciudad de M\u00e9xico, a 17 de abril de 2024.- Tras el inici\u00f3&hellip;<\/p>\n","protected":false},"author":2,"featured_media":67405,"comment_status":"closed","ping_status":"open","sticky":false,"template":"","format":"standard","meta":{"_lmt_disableupdate":"","_lmt_disable":"","_jetpack_memberships_contains_paid_content":false,"footnotes":""},"categories":[109,47],"tags":[811],"class_list":["post-67404","post","type-post","status-publish","format-standard","has-post-thumbnail","hentry","category-minuto-a-minuto","category-zona-gris","tag-suprema-corte-de-justicia-de-la-nacion"],"jetpack_featured_media_url":"https:\/\/zonaroja.com.mx\/wp-content\/uploads\/2024\/04\/Arturo-Zaldivar-y-Norma-Pina.jpeg","jetpack_sharing_enabled":true,"_links":{"self":[{"href":"https:\/\/zonaroja.com.mx\/index.php?rest_route=\/wp\/v2\/posts\/67404","targetHints":{"allow":["GET"]}}],"collection":[{"href":"https:\/\/zonaroja.com.mx\/index.php?rest_route=\/wp\/v2\/posts"}],"about":[{"href":"https:\/\/zonaroja.com.mx\/index.php?rest_route=\/wp\/v2\/types\/post"}],"author":[{"embeddable":true,"href":"https:\/\/zonaroja.com.mx\/index.php?rest_route=\/wp\/v2\/users\/2"}],"replies":[{"embeddable":true,"href":"https:\/\/zonaroja.com.mx\/index.php?rest_route=%2Fwp%2Fv2%2Fcomments&post=67404"}],"version-history":[{"count":1,"href":"https:\/\/zonaroja.com.mx\/index.php?rest_route=\/wp\/v2\/posts\/67404\/revisions"}],"predecessor-version":[{"id":67406,"href":"https:\/\/zonaroja.com.mx\/index.php?rest_route=\/wp\/v2\/posts\/67404\/revisions\/67406"}],"wp:featuredmedia":[{"embeddable":true,"href":"https:\/\/zonaroja.com.mx\/index.php?rest_route=\/wp\/v2\/media\/67405"}],"wp:attachment":[{"href":"https:\/\/zonaroja.com.mx\/index.php?rest_route=%2Fwp%2Fv2%2Fmedia&parent=67404"}],"wp:term":[{"taxonomy":"category","embeddable":true,"href":"https:\/\/zonaroja.com.mx\/index.php?rest_route=%2Fwp%2Fv2%2Fcategories&post=67404"},{"taxonomy":"post_tag","embeddable":true,"href":"https:\/\/zonaroja.com.mx\/index.php?rest_route=%2Fwp%2Fv2%2Ftags&post=67404"}],"curies":[{"name":"wp","href":"https:\/\/api.w.org\/{rel}","templated":true}]}}