{"id":67413,"date":"2024-04-17T12:30:00","date_gmt":"2024-04-17T17:30:00","guid":{"rendered":"http:\/\/www.zonaroja.com.mx\/?p=67413"},"modified":"2024-04-17T09:18:13","modified_gmt":"2024-04-17T14:18:13","slug":"siete-anos-despues-esta-mas-cerca-de-la-impunidad-que-de-la-justicia","status":"publish","type":"post","link":"https:\/\/zonaroja.com.mx\/?p=67413","title":{"rendered":"Siete a\u00f1os despu\u00e9s, est\u00e1 m\u00e1s cerca de la impunidad que de la justicia"},"content":{"rendered":"\n<p>Redacci\u00f3n\/Zona Roja.<\/p>\n\n\n\n<p>Oaxaca de Ju\u00e1rez, Oax., a 17 de abril, 2024.- A siete a\u00f1os de haber sufrido un intento de feminicidio y ser testigo del asesinato de una mujer que la defend\u00eda, Valeria ve m\u00e1s cerca la impunidad que la justicia.<\/p>\n\n\n\n<p>Parafrasea al Presidente de M\u00e9xico cuando se\u00f1ala que en \u201cen M\u00e9xico solo los ricos compran la justicia y yo no tengo dinero\u201d, dice molesta por la determinaci\u00f3n de una jueza que permiti\u00f3 vincular a proceso al inculpado, pero le permiti\u00f3 llevar el proceso en libertad, por ambos delitos en una misma carpeta de investigaci\u00f3n, a pesar de que estuvo sin ser detenido siete a\u00f1os.<\/p>\n\n\n\n<p>Tras la agresi\u00f3n a ella y a otra joven de 33 a\u00f1os que intervino para defenderla, pero que termin\u00f3 asesinada, la Vicefiscal\u00eda Regional de la Mixteca inici\u00f3 una carpeta de investigaci\u00f3n por \u201chomicidio y lesiones\u201d y no por feminicidio, en el caso de Diana, e intento de feminicidio en contra de Valeria.<\/p>\n\n\n\n<p>Despu\u00e9s de los hechos ocurridos el 9 de abril de 2017, hace siete a\u00f1os, J. J. R. M. huy\u00f3 de Huajuapan de Le\u00f3n y fue hace un mes que Valeria se enter\u00f3 de su detenci\u00f3n en Atlixco, Puebla, donde su familia tiene negocios de telefon\u00eda celular.<\/p>\n\n\n\n<p>Unos d\u00edas despu\u00e9s, en marzo pasado, la Fiscal\u00eda Regional de la Mixteca le inform\u00f3 a Valeria sobre la audiencia de vinculaci\u00f3n de J. J. R. M., a la que pod\u00eda o no asistir \u201cen su calidad de testigo\u201d.&nbsp;<\/p>\n\n\n\n<p>Su sorpresa fue may\u00fascula cuando se enter\u00f3 por su abogado que la jueza Mar\u00eda de Jes\u00fas Morales Barenca decidi\u00f3 que el inculpado llevar\u00eda el proceso en libertad.<\/p>\n\n\n\n<p>\u201cNo s\u00f3lo estuvo sin ser detenido siete a\u00f1os, ahora como si hubiera cometido un delito menor, la jueza le permite seguir el proceso en libertad y presentarse cada semana en la Unidad de Medidas Cautelares, le prohibieron salir del pa\u00eds y de Puebla, por lo que ser\u00e1 \u201cvigilado\u201d por la misma Unidad de Medidas Cautelares \u00bfc\u00f3mo? No lo s\u00e9, refiere Valeria.<\/p>\n\n\n\n<p>LLAMADO AL TSJ<\/p>\n\n\n\n<p>Ante los hechos, hace dos d\u00edas, Valeria entreg\u00f3 un oficio dirigido a Berenice Ram\u00edrez Jim\u00e9nez, presidenta del Tribunal Superior de Justicia de Oaxaca en el que solicita que le notifique de la medida cautelar distinta a la prisi\u00f3n oficiosa, misma a la que la Vicefiscal\u00eda Regional de la Mixteca no se inconform\u00f3, lo que parece sospechoso, adem\u00e1s de dejar pasar el tiempo para las v\u00edctimas indirectas no sepamos que hacer.<\/p>\n\n\n\n<p>En el oficio en el que narra c\u00f3mo sucedieron los hechos aquel 9 de abril de 2017, tambi\u00e9n le recuerda a la presidenta del Tribunal Superior de Justicia por qu\u00e9 el jefe del Ejecutivo federal cuestiona las actuaciones de los jueces y juezas, porque claramente se deja al mejor postor.<\/p>\n\n\n\n<p>Reclama tambi\u00e9n la forma en que la juez clasific\u00f3 los delitos cometidos por J. J. R. M., en su caso como \u201clesiones\u201d y no como tentativa de feminicidio.<\/p>\n\n\n\n<p>\u201cYo quiero justicia, reitera Valeria en entrevista con SemM\u00e9xico, y plantea que desde hace siete a\u00f1os vive con temor, pues J. J. R. M. sabe d\u00f3nde vive, de ah\u00ed que la decisi\u00f3n de la jueza Mar\u00eda de Jes\u00fas Morales Barenca la pone en riesgo a ella, a su familia y los familiares de Diana.<\/p>\n\n\n\n<p>DE FIESTA A TRAGEDIA<\/p>\n\n\n\n<p>Valeria y J. J. R. M. eran novios en 2017, y la relaci\u00f3n se hab\u00eda tornado violenta, un d\u00eda el inculpado, que entonces ten\u00eda 21 a\u00f1os como ella, la agredi\u00f3 f\u00edsicamente en la calle, sujet\u00e1ndola por el cuello, cuando estaba a punto de perder el conocimiento la solt\u00f3, por lo que ella decidi\u00f3 terminar.&nbsp;<\/p>\n\n\n\n<p>D\u00edas despu\u00e9s le rog\u00f3 que siguieran siendo novios y le mostr\u00f3 que con ayuda de su familia dejar\u00eda de tomar y de drogarse. Valeria le crey\u00f3. Un mes despu\u00e9s ambos asistieron a una fiesta de 15 a\u00f1os, ah\u00ed J. J. R. M. se encontr\u00f3 con un grupo de familiares y empez\u00f3 a beber, ella le reclam\u00f3, \u00e9l respondi\u00f3 otra vez sujet\u00e1ndola del cuello pretendiendo ahorcarla, algunas personas intervinieron. Ella y dos amigas m\u00e1s se retiraron del lugar.<\/p>\n\n\n\n<p>M\u00e1s tarde Diana Tepozan, a quien conoc\u00eda por ser su vecina, le llam\u00f3 indic\u00e1ndole que deber\u00eda volver a la fiesta que J. J. R. M., ya se hab\u00eda retirado. As\u00ed lo hizo, estuvo conviviendo con un grupo de j\u00f3venes. M\u00e1s tarde observ\u00f3 que su agresor estaba parado mir\u00e1ndola, pero no le dio importancia. Despu\u00e9s de un rato, Valeria y Diana fueron al ba\u00f1o.&nbsp;<\/p>\n\n\n\n<p>Al salir del sanitario y mientras se lavaba las manos, J. J. R. M. la empez\u00f3 a agredir con el pu\u00f1o cerrado en la cara y de nuevo intent\u00f3 ahorcarla, Diana quiso impedirlo y pidi\u00f3 auxilio, \u00e9l se volvi\u00f3 contra Diana y la golpe\u00f3 avent\u00e1ndola contra la pared donde se golpeo muy fuerte la cabeza, la joven de 33 a\u00f1os y dos hijas, cay\u00f3 muerta en ese momento. Por las \u201clesiones\u201d, Valeria tuvo que ser operada de la nariz.<\/p>\n\n\n\n<p>Algunas personas se acercaron para ayudar, mientras J. J. R. M. se escap\u00f3, \u201cnos dec\u00edan en la vicefiscal\u00eda que no lo encontraban, pensamos que \u00e9l, les dio dinero para que lo dejaran en paz, pero no dejamos de insistir en que se hiciera justicia\u201d, dice Valeria, quien desde hace siete a\u00f1os enfrenta la opacidad y las dilaciones de la Fiscal\u00eda y ahora del Tribunal de Justicia de Oaxaca.<\/p>\n\n\n\n<p>(Informaci\u00f3n de SemM\u00e9xico)<\/p>\n","protected":false},"excerpt":{"rendered":"<p>Redacci\u00f3n\/Zona Roja. Oaxaca de Ju\u00e1rez, Oax., a 17 de abril, 2024.- A siete a\u00f1os de&hellip;<\/p>\n","protected":false},"author":2,"featured_media":67414,"comment_status":"closed","ping_status":"open","sticky":false,"template":"","format":"standard","meta":{"_lmt_disableupdate":"","_lmt_disable":"","_jetpack_memberships_contains_paid_content":false,"footnotes":""},"categories":[109,47],"tags":[223],"class_list":["post-67413","post","type-post","status-publish","format-standard","has-post-thumbnail","hentry","category-minuto-a-minuto","category-zona-gris","tag-poder-judicial-de-oaxaca"],"jetpack_featured_media_url":"https:\/\/zonaroja.com.mx\/wp-content\/uploads\/2024\/04\/Caso-impunidad-Huajuapan-intento-de-feminicidio.jpg","jetpack_sharing_enabled":true,"_links":{"self":[{"href":"https:\/\/zonaroja.com.mx\/index.php?rest_route=\/wp\/v2\/posts\/67413","targetHints":{"allow":["GET"]}}],"collection":[{"href":"https:\/\/zonaroja.com.mx\/index.php?rest_route=\/wp\/v2\/posts"}],"about":[{"href":"https:\/\/zonaroja.com.mx\/index.php?rest_route=\/wp\/v2\/types\/post"}],"author":[{"embeddable":true,"href":"https:\/\/zonaroja.com.mx\/index.php?rest_route=\/wp\/v2\/users\/2"}],"replies":[{"embeddable":true,"href":"https:\/\/zonaroja.com.mx\/index.php?rest_route=%2Fwp%2Fv2%2Fcomments&post=67413"}],"version-history":[{"count":1,"href":"https:\/\/zonaroja.com.mx\/index.php?rest_route=\/wp\/v2\/posts\/67413\/revisions"}],"predecessor-version":[{"id":67415,"href":"https:\/\/zonaroja.com.mx\/index.php?rest_route=\/wp\/v2\/posts\/67413\/revisions\/67415"}],"wp:featuredmedia":[{"embeddable":true,"href":"https:\/\/zonaroja.com.mx\/index.php?rest_route=\/wp\/v2\/media\/67414"}],"wp:attachment":[{"href":"https:\/\/zonaroja.com.mx\/index.php?rest_route=%2Fwp%2Fv2%2Fmedia&parent=67413"}],"wp:term":[{"taxonomy":"category","embeddable":true,"href":"https:\/\/zonaroja.com.mx\/index.php?rest_route=%2Fwp%2Fv2%2Fcategories&post=67413"},{"taxonomy":"post_tag","embeddable":true,"href":"https:\/\/zonaroja.com.mx\/index.php?rest_route=%2Fwp%2Fv2%2Ftags&post=67413"}],"curies":[{"name":"wp","href":"https:\/\/api.w.org\/{rel}","templated":true}]}}