{"id":67421,"date":"2024-04-17T18:16:49","date_gmt":"2024-04-17T23:16:49","guid":{"rendered":"http:\/\/www.zonaroja.com.mx\/?p=67421"},"modified":"2024-04-17T18:16:50","modified_gmt":"2024-04-17T23:16:50","slug":"grupo-armado-ataca-en-la-mixteca-a-pobladores-policias-y-guardia-nacional","status":"publish","type":"post","link":"https:\/\/zonaroja.com.mx\/?p=67421","title":{"rendered":"Grupo armado ataca en la Mixteca a pobladores, polic\u00edas y Guardia Nacional"},"content":{"rendered":"\n<p>Ismael Garc\u00eda M.\/Zona Roja.<\/p>\n\n\n\n<p>Oaxaca de Ju\u00e1rez, Oax., a 17 de abril de 2024.- Un grupo de unas 100 personas con armas de grueso calibre, presuntamente de San Mart\u00edn Peras, atac\u00f3 ayer a un convoy de la Polic\u00eda Estatal y la Guardia Nacional, que resguardaba a pobladores de Santos Reyes Zochiquilazala.<\/p>\n\n\n\n<p>\u201cHubo una situaci\u00f3n tensa, algunas personas salieron heridas y desafortunadamente tuvimos que encontrar un mecanismo para destensar, no fue necesariamente el di\u00e1logo.<\/p>\n\n\n\n<p>\u201cSe decidi\u00f3 por petici\u00f3n de ambas partes, tenemos documentada la mesa de seguridad un acuerdo de generar condiciones y que ingresara la Polic\u00eda Estatal, la Guardia Nacional y nuestros delegados de Paz.<\/p>\n\n\n\n<p>\u201cEn ese sentido lo que ocurri\u00f3 es que se dio protecci\u00f3n a unas personas para que pudieran regresar a su comunidad, a Zochiquilazala, pero durante su ingreso encontraron a cerca de 100 personas que se manifestaron en contra de su presencia (de la Polic\u00eda), al igual que de la Guardia; hab\u00eda cerca de 100 personas armadas, nos informan es que eran armas de grueso calibre\u201d.<\/p>\n\n\n\n<p>As\u00ed lo confirm\u00f3 la ma\u00f1ana de hoy el secretario de Gobierno de Oaxaca, Jes\u00fas Romero L\u00f3pez, quien lament\u00f3 el ataque y dijo que no habr\u00e1&nbsp;<\/p>\n\n\n\n<p>Inform\u00f3 que se ingres\u00f3 a dos personas lesionadas, una de ellas grave, que ser\u00eda una mujer.<\/p>\n\n\n\n<p>\u201cNo vamos a tolerar la agresi\u00f3n a los cuerpos de seguridad ni a ning\u00fan ciudadano; esta decisi\u00f3n de haber atacado a los cuerpos de seguridad va a tener consecuencias, se lo digo con mucho respeto a quienes lo hayan cometido\u201d, remarc\u00f3 durante la conferencia.<\/p>\n\n\n\n<p>El funcionario abund\u00f3 que hoy se ten\u00edan programadas pl\u00e1ticas con San Mart\u00edn Peras y hoy tambi\u00e9n, mediante un oficio, se dio a conocer su petici\u00f3n de enviar seguridad a la zona, pero son ellos los que los rechazan.<\/p>\n\n\n\n<p>Hasta el momento, presuntamente ser\u00edan cuatro las personas lesionadas de bala por el conflicto entre ambas comunidades, dos de las cuales ha reconocido San Mart\u00edn Peras como sus pobladores.<\/p>\n","protected":false},"excerpt":{"rendered":"<p>Ismael Garc\u00eda M.\/Zona Roja. Oaxaca de Ju\u00e1rez, Oax., a 17 de abril de 2024.- Un&hellip;<\/p>\n","protected":false},"author":2,"featured_media":0,"comment_status":"closed","ping_status":"open","sticky":false,"template":"","format":"standard","meta":{"_lmt_disableupdate":"","_lmt_disable":"","_jetpack_memberships_contains_paid_content":false,"footnotes":""},"categories":[109,47],"tags":[1872],"class_list":["post-67421","post","type-post","status-publish","format-standard","hentry","category-minuto-a-minuto","category-zona-gris","tag-san-martin-peras"],"jetpack_featured_media_url":"","jetpack_sharing_enabled":true,"_links":{"self":[{"href":"https:\/\/zonaroja.com.mx\/index.php?rest_route=\/wp\/v2\/posts\/67421","targetHints":{"allow":["GET"]}}],"collection":[{"href":"https:\/\/zonaroja.com.mx\/index.php?rest_route=\/wp\/v2\/posts"}],"about":[{"href":"https:\/\/zonaroja.com.mx\/index.php?rest_route=\/wp\/v2\/types\/post"}],"author":[{"embeddable":true,"href":"https:\/\/zonaroja.com.mx\/index.php?rest_route=\/wp\/v2\/users\/2"}],"replies":[{"embeddable":true,"href":"https:\/\/zonaroja.com.mx\/index.php?rest_route=%2Fwp%2Fv2%2Fcomments&post=67421"}],"version-history":[{"count":1,"href":"https:\/\/zonaroja.com.mx\/index.php?rest_route=\/wp\/v2\/posts\/67421\/revisions"}],"predecessor-version":[{"id":67422,"href":"https:\/\/zonaroja.com.mx\/index.php?rest_route=\/wp\/v2\/posts\/67421\/revisions\/67422"}],"wp:attachment":[{"href":"https:\/\/zonaroja.com.mx\/index.php?rest_route=%2Fwp%2Fv2%2Fmedia&parent=67421"}],"wp:term":[{"taxonomy":"category","embeddable":true,"href":"https:\/\/zonaroja.com.mx\/index.php?rest_route=%2Fwp%2Fv2%2Fcategories&post=67421"},{"taxonomy":"post_tag","embeddable":true,"href":"https:\/\/zonaroja.com.mx\/index.php?rest_route=%2Fwp%2Fv2%2Ftags&post=67421"}],"curies":[{"name":"wp","href":"https:\/\/api.w.org\/{rel}","templated":true}]}}