{"id":67423,"date":"2024-04-17T19:00:00","date_gmt":"2024-04-18T00:00:00","guid":{"rendered":"http:\/\/www.zonaroja.com.mx\/?p=67423"},"modified":"2024-04-17T18:20:46","modified_gmt":"2024-04-17T23:20:46","slug":"cambia-morena-dictamen-si-quiere-confiscar-las-afores-de-todos-los-mexicanos","status":"publish","type":"post","link":"https:\/\/zonaroja.com.mx\/?p=67423","title":{"rendered":"Cambia Morena dictamen: s\u00ed quiere confiscar las Afores de todos los mexicanos"},"content":{"rendered":"\n<p>Redacci\u00f3n\/Zona Roja Cdmx.<\/p>\n\n\n\n<p>Ciudad de M\u00e9xico, a 17 de abril de 2024.- El coordinador de Morena en la C\u00e1mara de Diputados, Ignacio Mier, responsabiliz\u00f3 al equipo t\u00e9cnico de la Comisi\u00f3n de Seguridad Social del \u201cerror humano\u201d que se cometi\u00f3 en el dictamen por el que se crea el sistema de Pensi\u00f3n para el Bienestar en el cual se inclu\u00eda los ahorros de las Afores activas e inactivas de todos los trabajadores para disponer de dichos recursos.<\/p>\n\n\n\n<p>Argument\u00f3 que no hubo dolo ni premeditaci\u00f3n en presentar un dictamen distinto al aprobado por la Comisi\u00f3n de Seguridad Social y que esto pudo haberse arreglado con una adenda.<\/p>\n\n\n\n<p>\u201cHay en el proceso legislativo, como en la vida, como en todas las actividades, cometen errores humanos en donde no hay dolo, no hay premeditaci\u00f3n. La Gaceta public\u00f3 el proyecto de dictamen y no el dictamen aprobado.<\/p>\n\n\n\n<p>\u201cLo de menos era haber presentado, con la autorizaci\u00f3n del pleno, una reserva o una adenda. Pero nosotros buscamos la pulcritud en el procedimiento, as\u00ed lo acordamos, independientemente de las diferencias que tenemos con relaci\u00f3n a los resolutivos del dictamen con los grupos parlamentarios, s\u00ed coincidimos todos en que hay que garantizar la pulcritud.<\/p>\n\n\n\n<p>Seg\u00fan Mier hubiera sido grave que se aprobara algo que no correspond\u00eda al proyecto de dictamen aprobado por la Comisi\u00f3n.<\/p>\n\n\n\n<p>Cuestionado sobre si se va a investigar qui\u00e9n fue \u201cla mano negra\u201d o el \u201cduende\u201d que cambi\u00f3 el dictamen, el l\u00edder de los diputados de Morena se concret\u00f3 a responder: \u201cEso s\u00ed lo vamos a revisar\u201d, justific\u00f3.<\/p>\n\n\n\n<p>Indic\u00f3 que la creaci\u00f3n del Fondo para el bienestar es con un fondo complementario, \u201cque no toca las Afores de 55 millones de trabajadoras y trabajadores de M\u00e9xico. Lo que garantiza, lo que s\u00ed garantiza es que un trabajador, en el momento de jubilarse, tenga la posibilidad de seguir recibiendo el 100 por ciento de su salario.<\/p>\n\n\n\n<p>\u201cY significa adem\u00e1s que en M\u00e9xico los mayores de 65 a\u00f1os que empiecen a jubilarse tengan su pensi\u00f3n al 100 por ciento; la parte que le corresponda a la Afore, que conforme a la ley del 97 oscila, incluida la tasa de reemplazo, en m\u00e1ximo el 40 por ciento, en t\u00e9rminos claros, si un trabajador se jubila ganando 10 mil pesos, pero su Afore le garantiza s\u00f3lo 4 mil, el Fondo de Pensiones le va a dar los 6 mil restantes\u201d, expres\u00f3 el morenista.<\/p>\n\n\n\n<p>(Informaci\u00f3n de Reporte \u00cdndigo)<\/p>\n","protected":false},"excerpt":{"rendered":"<p>Redacci\u00f3n\/Zona Roja Cdmx. Ciudad de M\u00e9xico, a 17 de abril de 2024.- El coordinador de&hellip;<\/p>\n","protected":false},"author":2,"featured_media":0,"comment_status":"closed","ping_status":"open","sticky":false,"template":"","format":"standard","meta":{"_lmt_disableupdate":"","_lmt_disable":"","_jetpack_memberships_contains_paid_content":false,"footnotes":""},"categories":[109,47],"tags":[],"class_list":["post-67423","post","type-post","status-publish","format-standard","hentry","category-minuto-a-minuto","category-zona-gris"],"jetpack_featured_media_url":"","jetpack_sharing_enabled":true,"_links":{"self":[{"href":"https:\/\/zonaroja.com.mx\/index.php?rest_route=\/wp\/v2\/posts\/67423","targetHints":{"allow":["GET"]}}],"collection":[{"href":"https:\/\/zonaroja.com.mx\/index.php?rest_route=\/wp\/v2\/posts"}],"about":[{"href":"https:\/\/zonaroja.com.mx\/index.php?rest_route=\/wp\/v2\/types\/post"}],"author":[{"embeddable":true,"href":"https:\/\/zonaroja.com.mx\/index.php?rest_route=\/wp\/v2\/users\/2"}],"replies":[{"embeddable":true,"href":"https:\/\/zonaroja.com.mx\/index.php?rest_route=%2Fwp%2Fv2%2Fcomments&post=67423"}],"version-history":[{"count":2,"href":"https:\/\/zonaroja.com.mx\/index.php?rest_route=\/wp\/v2\/posts\/67423\/revisions"}],"predecessor-version":[{"id":67425,"href":"https:\/\/zonaroja.com.mx\/index.php?rest_route=\/wp\/v2\/posts\/67423\/revisions\/67425"}],"wp:attachment":[{"href":"https:\/\/zonaroja.com.mx\/index.php?rest_route=%2Fwp%2Fv2%2Fmedia&parent=67423"}],"wp:term":[{"taxonomy":"category","embeddable":true,"href":"https:\/\/zonaroja.com.mx\/index.php?rest_route=%2Fwp%2Fv2%2Fcategories&post=67423"},{"taxonomy":"post_tag","embeddable":true,"href":"https:\/\/zonaroja.com.mx\/index.php?rest_route=%2Fwp%2Fv2%2Ftags&post=67423"}],"curies":[{"name":"wp","href":"https:\/\/api.w.org\/{rel}","templated":true}]}}