{"id":67430,"date":"2024-04-17T22:12:31","date_gmt":"2024-04-18T03:12:31","guid":{"rendered":"http:\/\/www.zonaroja.com.mx\/?p=67430"},"modified":"2024-04-17T22:12:32","modified_gmt":"2024-04-18T03:12:32","slug":"asesinan-a-un-individuo-en-juchitan-y-a-otro-en-la-capital-de-oaxaca","status":"publish","type":"post","link":"https:\/\/zonaroja.com.mx\/?p=67430","title":{"rendered":"Asesinan a un individuo en Juchit\u00e1n y a otro en la capital de Oaxaca"},"content":{"rendered":"\n<p>Raymundo Morales\/Zona Roja.<\/p>\n\n\n\n<p>Oaxaca de Ju\u00e1rez, Oax., a 17 de abril de 2024.- Dos personas fueron asesinadas este mi\u00e9rcoles en el estado de Oaxaca, una de ellas en la capital y otra en Juchit\u00e1n de Zaragoza.<\/p>\n\n\n\n<p>Esta tarde en un establecimiento de comida ubicado a un costado de la carretera Trans\u00edstmica, a la altura del llamado Canal 33 de Juchit\u00e1n, fue ejecutado a balazos un individuo, hasta el momento no identificado.<\/p>\n\n\n\n<p>De acuerdo con las primeras indagatorias, presenta al menos cuatro impactos de arma de fuego, uno de ellos en la cabeza, y hasta el momento se desconoce el m\u00f3vil del crimen.<\/p>\n\n\n\n<p>Polic\u00edas municipales de Juchit\u00e1n s\u00f3lo llegaron a resguardar la escena, mientras personal de la Vicefiscal\u00eda Regional del Istmo efectu\u00f3 las labores de inicio de las indagatorias.<\/p>\n\n\n\n<p>Por otra parte, la ma\u00f1ana de hoy fue asesinado un individuo, en inmediaciones de la Central de Abasto de la ciudad de Oaxaca.<\/p>\n\n\n\n<p>Se presume que era un trabajador conocido como \u201cdiablero\u201d, quien presentaba heridas causadas por arma blanca y a\u00fan se desconoce qui\u00e9n o qui\u00e9nes lo habr\u00edan ultimado.<\/p>\n\n\n\n<p>Tambi\u00e9n, personal de la polic\u00eda municipal capitalina no estaba en la zona al momento de los hechos, por lo cual no hay personas detenidas.<\/p>\n","protected":false},"excerpt":{"rendered":"<p>Raymundo Morales\/Zona Roja. Oaxaca de Ju\u00e1rez, Oax., a 17 de abril de 2024.- Dos personas&hellip;<\/p>\n","protected":false},"author":2,"featured_media":50335,"comment_status":"closed","ping_status":"open","sticky":false,"template":"","format":"standard","meta":{"_lmt_disableupdate":"","_lmt_disable":"","_jetpack_memberships_contains_paid_content":false,"footnotes":""},"categories":[109,51],"tags":[123,148],"class_list":["post-67430","post","type-post","status-publish","format-standard","has-post-thumbnail","hentry","category-minuto-a-minuto","category-zona-roja","tag-juchitan-de-zaragoza","tag-oaxaca-de-juarez"],"jetpack_featured_media_url":"https:\/\/zonaroja.com.mx\/wp-content\/uploads\/2023\/01\/Balazos-violencia-casquillos-escena.jpeg","jetpack_sharing_enabled":true,"_links":{"self":[{"href":"https:\/\/zonaroja.com.mx\/index.php?rest_route=\/wp\/v2\/posts\/67430","targetHints":{"allow":["GET"]}}],"collection":[{"href":"https:\/\/zonaroja.com.mx\/index.php?rest_route=\/wp\/v2\/posts"}],"about":[{"href":"https:\/\/zonaroja.com.mx\/index.php?rest_route=\/wp\/v2\/types\/post"}],"author":[{"embeddable":true,"href":"https:\/\/zonaroja.com.mx\/index.php?rest_route=\/wp\/v2\/users\/2"}],"replies":[{"embeddable":true,"href":"https:\/\/zonaroja.com.mx\/index.php?rest_route=%2Fwp%2Fv2%2Fcomments&post=67430"}],"version-history":[{"count":1,"href":"https:\/\/zonaroja.com.mx\/index.php?rest_route=\/wp\/v2\/posts\/67430\/revisions"}],"predecessor-version":[{"id":67431,"href":"https:\/\/zonaroja.com.mx\/index.php?rest_route=\/wp\/v2\/posts\/67430\/revisions\/67431"}],"wp:featuredmedia":[{"embeddable":true,"href":"https:\/\/zonaroja.com.mx\/index.php?rest_route=\/wp\/v2\/media\/50335"}],"wp:attachment":[{"href":"https:\/\/zonaroja.com.mx\/index.php?rest_route=%2Fwp%2Fv2%2Fmedia&parent=67430"}],"wp:term":[{"taxonomy":"category","embeddable":true,"href":"https:\/\/zonaroja.com.mx\/index.php?rest_route=%2Fwp%2Fv2%2Fcategories&post=67430"},{"taxonomy":"post_tag","embeddable":true,"href":"https:\/\/zonaroja.com.mx\/index.php?rest_route=%2Fwp%2Fv2%2Ftags&post=67430"}],"curies":[{"name":"wp","href":"https:\/\/api.w.org\/{rel}","templated":true}]}}