{"id":6744,"date":"2019-12-17T18:37:09","date_gmt":"2019-12-18T00:37:09","guid":{"rendered":"http:\/\/www.zonaroja.com.mx\/?p=6744"},"modified":"2019-12-17T18:37:09","modified_gmt":"2019-12-18T00:37:09","slug":"escala-caso-de-maria-elena-ante-impunidad-en-oaxaca-lopez-obrador-interviene","status":"publish","type":"post","link":"https:\/\/zonaroja.com.mx\/?p=6744","title":{"rendered":"Escala caso de Mar\u00eda Elena; ante impunidad en Oaxaca, L\u00f3pez Obrador interviene"},"content":{"rendered":"\n<p>Redacci\u00f3n\/Zona Roja Cdmx.<\/p>\n\n\n\n<p>Ciudad de M\u00e9xico, 17 de diciembre de\n2019.- Ante la impunidad que prevalece en Oaxaca, a m\u00e1s de tres meses del\nataque con \u00e1cido a la joven saxofonista, el Presidente de M\u00e9xico, Andr\u00e9s Manuel\nL\u00f3pez Obrador, ofreci\u00f3 su intervenci\u00f3n.<\/p>\n\n\n\n<p>\u201cVamos a verlo hoy mismo, sin ninguna\nlimitaci\u00f3n, que haya justicia\u201d, dijo la ma\u00f1ana de este martes, durante su\nconferencia de prensa, en el Palacio Nacional.<\/p>\n\n\n\n<p>Y es que a casi 100 d\u00edas del ataque, familiares y amigos de Mar\u00eda Elena R\u00edos Ortiz han acusado la lentitud y poca atenci\u00f3n por parte de la Fiscal\u00eda General del Estado de Oaxaca, que preside Rub\u00e9n Vasconcelos M\u00e9ndez.<\/p>\n\n\n\n<figure class=\"wp-block-embed-twitter wp-block-embed is-type-rich is-provider-twitter\"><div class=\"wp-block-embed__wrapper\">\n<div class=\"twitter-tweet\"><blockquote class=\"twitter-tweet\" data-lang=\"es\"><p lang=\"es\" dir=\"ltr\"><a href=\"https:\/\/twitter.com\/hashtag\/MA%C3%91ANERA?src=hash&amp;ref_src=twsrc%5Etfw\">#MA\u00d1ANERA<\/a> | El presidente <a href=\"https:\/\/twitter.com\/lopezobrador_?ref_src=twsrc%5Etfw\">@lopezobrador_<\/a> asegur\u00f3 que el caso de Mar\u00eda Elena R\u00edos, saxofonista agredida con \u00e1cido por Juan Vera Carrizal se atender\u00e1 sin ninguna limitaci\u00f3n y con justicia.<br><br>\ud83d\udcf7 Marco Gonz\u00e1lez<br><br>\u2022 <a href=\"https:\/\/twitter.com\/hashtag\/Notimex?src=hash&amp;ref_src=twsrc%5Etfw\">#Notimex<\/a> <a href=\"https:\/\/t.co\/0f2KlOjs5H\">pic.twitter.com\/0f2KlOjs5H<\/a><\/p>&mdash; Notimex (@Notimex) <a href=\"https:\/\/twitter.com\/Notimex\/status\/1206954356509163521?ref_src=twsrc%5Etfw\">17 de diciembre de 2019<\/a><\/blockquote><\/div>\n<\/div><\/figure>\n\n\n\n<p>La hermana de la saxofonista, Silvia\nOrtiz R\u00edos, envi\u00f3 ayer una carta al mandatario mexicano en la que le pide\nayuda, pues teme por su vida y la de su familia, al exhibir al agresor.<\/p>\n\n\n\n<p>\u201cTemo por mi vida y pido a usted\nseguridad para mi hermana y mi familia por las declaraciones que pudieran\nincomodar a presuntos responsables\u201d, escribi\u00f3 en el documento.<\/p>\n\n\n\n<p>Hoy, el presidente Andr\u00e9s Manuel L\u00f3pez\nObrador pidi\u00f3 que se revise el caso de la mujer saxofonista oaxaque\u00f1a, Mar\u00eda\nElena R\u00edos Ortiz, quien fue atacada con \u00e1cido por un sujeto desconocido, el 9\nde septiembre pasado.<\/p>\n\n\n\n<p>Presuntamente el autor intelectual,\nseg\u00fan denuncias de la familia, es el ex diputado local por el PVEM-PRI, Juan\nAntonio Vera Carrizal.<\/p>\n","protected":false},"excerpt":{"rendered":"<p>Redacci\u00f3n\/Zona Roja Cdmx. Ciudad de M\u00e9xico, 17 de diciembre de 2019.- Ante la impunidad que&hellip;<\/p>\n","protected":false},"author":2,"featured_media":6633,"comment_status":"closed","ping_status":"open","sticky":false,"template":"","format":"standard","meta":{"_lmt_disableupdate":"","_lmt_disable":"","_jetpack_memberships_contains_paid_content":false,"footnotes":""},"categories":[109,47],"tags":[1124],"class_list":["post-6744","post","type-post","status-publish","format-standard","has-post-thumbnail","hentry","category-minuto-a-minuto","category-zona-gris","tag-maria-elena-rios-ortiz"],"jetpack_featured_media_url":"https:\/\/zonaroja.com.mx\/wp-content\/uploads\/2019\/12\/Mar\u00eda-Elena-R\u00edos2.jpg","jetpack_sharing_enabled":true,"_links":{"self":[{"href":"https:\/\/zonaroja.com.mx\/index.php?rest_route=\/wp\/v2\/posts\/6744","targetHints":{"allow":["GET"]}}],"collection":[{"href":"https:\/\/zonaroja.com.mx\/index.php?rest_route=\/wp\/v2\/posts"}],"about":[{"href":"https:\/\/zonaroja.com.mx\/index.php?rest_route=\/wp\/v2\/types\/post"}],"author":[{"embeddable":true,"href":"https:\/\/zonaroja.com.mx\/index.php?rest_route=\/wp\/v2\/users\/2"}],"replies":[{"embeddable":true,"href":"https:\/\/zonaroja.com.mx\/index.php?rest_route=%2Fwp%2Fv2%2Fcomments&post=6744"}],"version-history":[{"count":1,"href":"https:\/\/zonaroja.com.mx\/index.php?rest_route=\/wp\/v2\/posts\/6744\/revisions"}],"predecessor-version":[{"id":6745,"href":"https:\/\/zonaroja.com.mx\/index.php?rest_route=\/wp\/v2\/posts\/6744\/revisions\/6745"}],"wp:featuredmedia":[{"embeddable":true,"href":"https:\/\/zonaroja.com.mx\/index.php?rest_route=\/wp\/v2\/media\/6633"}],"wp:attachment":[{"href":"https:\/\/zonaroja.com.mx\/index.php?rest_route=%2Fwp%2Fv2%2Fmedia&parent=6744"}],"wp:term":[{"taxonomy":"category","embeddable":true,"href":"https:\/\/zonaroja.com.mx\/index.php?rest_route=%2Fwp%2Fv2%2Fcategories&post=6744"},{"taxonomy":"post_tag","embeddable":true,"href":"https:\/\/zonaroja.com.mx\/index.php?rest_route=%2Fwp%2Fv2%2Ftags&post=6744"}],"curies":[{"name":"wp","href":"https:\/\/api.w.org\/{rel}","templated":true}]}}