{"id":67442,"date":"2024-04-18T14:30:00","date_gmt":"2024-04-18T19:30:00","guid":{"rendered":"http:\/\/www.zonaroja.com.mx\/?p=67442"},"modified":"2024-04-18T08:09:00","modified_gmt":"2024-04-18T13:09:00","slug":"opinion-protestas-clasemedieras-en-oaxaca","status":"publish","type":"post","link":"https:\/\/zonaroja.com.mx\/?p=67442","title":{"rendered":"Opini\u00f3n. Protestas\u00a0clasemedieras en Oaxaca"},"content":{"rendered":"\n<p>N\u00e9stor Y. S\u00e1nchez Islas.<\/p>\n\n\n\n<p>En los corredores del Palacio de Gobierno seguramente, en \u201cpetit comit\u00e9\u201d, la cofrad\u00eda morenista en el poder descalificar\u00e1 las recientes protestas&nbsp;por falta de agua&nbsp;de gente del Centro Hist\u00f3rico, del Infonavit y de otras zonas de la&nbsp;capital&nbsp;como protestas \u201cfif\u00eds\u201d, de clasemedieros aspiracionistas. Acostumbrados a que las calles supuestamente eran suyas y que las \u00fanicas protestas leg\u00edtimas eran las de ellos, los paladines de la lucha social no saben c\u00f3mo actuar ante una situaci\u00f3n a la que no&nbsp;pueden entender porque&nbsp;lo suyo fue siempre pedir soluciones y no darlas.<\/p>\n\n\n\n<p>Si bien la naturaleza no nos ha dado agua estos dos \u00faltimos a\u00f1os, el gobierno es el responsable del mantenimiento de pozos y redes&nbsp;de distribuci\u00f3n, de concientizar su consumo, de sancionar su uso irracional y de limitar a las mafias de piperos que si saben de donde sacarla.<\/p>\n\n\n\n<p>Interesante ver la evoluci\u00f3n de la protesta social, en Oaxaca y el mundo. El contexto de 2024 es muy diferente al de los a\u00f1os 60 o 70 del siglo pasado. Las calles se&nbsp;llenaban&nbsp;de campesinos, de obreros, de m\u00e9dicos, de maestros, de placeros o de estudiantes.&nbsp;<\/p>\n\n\n\n<p>Hoy las bloquean quienes viven en una median\u00eda urbana que, en Oaxaca, tienen caracter\u00edsticas un poco diferentes a las de otras&nbsp;ciudades&nbsp;del pa\u00eds mucho m\u00e1s desarrolladas. La identidad de las clases medias oaxaque\u00f1as por su cultura y patrones de consumo son particulares, se mezclan continuamente.&nbsp;<\/p>\n\n\n\n<p>Las enormes tiendas de cadenas comerciales son un buen escaparate para observar quienes, en nuestro estado, se consideran as\u00ed mismos como pertenecientes a esta clase social, independiente de su color de piel o aspecto f\u00edsico;&nbsp;pero cuidado, clase social y preferencia pol\u00edtica no necesariamente van de la mano.<\/p>\n\n\n\n<p>Los n\u00fameros se\u00f1alan a Oaxaca como una de las de peor desempe\u00f1o econ\u00f3mico, no obstante, existe una clase media&nbsp;a la que ya pertenecen las burocracias federal, estatal y municipal y de otras instituciones del Estado que&nbsp;se perciben como \u201cbase trabajadora\u201d, pero son una elite dorada que disfruta de salarios y prestaciones seguras y de por vida.<\/p>\n\n\n\n<p>Los ingresos de las remesas son enormes&nbsp;y la&nbsp;situaci\u00f3n&nbsp;econ\u00f3mica&nbsp;de quienes las reciben, mayormente en comunidades del interior de estado, mejora&nbsp;y se da una situaci\u00f3n&nbsp;compleja porque, si bien econ\u00f3micamente algunos de ellos pudieran alcanzar&nbsp;la clase media contin\u00faan&nbsp;con&nbsp;sus costumbres, de manera muy arraigada,&nbsp;de&nbsp;sus valores tradicionales, adem\u00e1s&nbsp;vivir con&nbsp;la&nbsp;cultura de la escasez y la supervivencia.<\/p>\n\n\n\n<p>La tercera fase de la&nbsp;modernidad,&nbsp;la globalizaci\u00f3n y el neoliberalismo impactan tambi\u00e9n en Oaxaca, por ello mismo la protesta social es, y ser\u00e1, diferente a como est\u00e1bamos acostumbrados.&nbsp;<\/p>\n\n\n\n<p>La falta de agua es el factor que uni\u00f3 a personas tan&nbsp;variadas&nbsp;y les dio el valor de salir a bloquear calles, el&nbsp;mismo&nbsp;estilo de protesta a que nos acostumbr\u00f3 el magisterio y los grupos sociales&nbsp;de los oprimidos.&nbsp;<\/p>\n\n\n\n<p>El terremoto de 1985 despert\u00f3 a la clase media de la Cdmx; la escasez de agua lo est\u00e1 haciendo aqu\u00ed&nbsp;y, aunque por el momento de forma&nbsp;limitada,&nbsp;la protesta de las clases medias&nbsp;tiene todo para crecer de aqu\u00ed en adelante,&nbsp;y&nbsp;ser\u00e1&nbsp;por motivos muy variados.<\/p>\n\n\n\n<p>De las protestas cargadas de rencor social a las protestas provocadas por la mala gesti\u00f3n gubernamental y afectaci\u00f3n al modo de vida&nbsp;hay unos pocos a\u00f1os&nbsp;de diferencia&nbsp;y&nbsp;cambios de&nbsp;estilo de&nbsp;liderazgo&nbsp;que, sin temor a equivocarme, ser\u00e1n los que&nbsp;gobernar\u00e1n&nbsp;en unos a\u00f1os. Mirando hacia atr\u00e1s, en menos de 20 a\u00f1os quienes&nbsp;violentaron en 2006 hoy&nbsp;tiene&nbsp;el&nbsp;en sus manos los tres poderes en Oaxaca.<\/p>\n\n\n\n<p>Las protestas por la falta de agua son una m\u00e1s de las cotidianas que padecemos en este caos llamado Oaxaca en que&nbsp;se&nbsp;protesta por todo. La suma de las clases medias&nbsp;a la protesta&nbsp;se\u00f1ala un cambio social en curso porque quienes han salido adelante no quieren retroceder. Esto, que&nbsp;desde el&nbsp;gobierno califican de aspiracionismo, es un anhelo leg\u00edtimo de todas y cada uno por mejorar su situaci\u00f3n. Aunque el sesgo ideol\u00f3gico de los gobernantes no se los permita ver, al final, no podr\u00e1n ocultar el sol con un dedo, la gente no se avergonzar\u00e1 de haber&nbsp;logrado mejorar su situaci\u00f3n y&nbsp;luchar\u00e1 por&nbsp;mantenerla.<\/p>\n\n\n\n<p>Las clases medias ya no permitir\u00e1n que se&nbsp;le&nbsp;mantenga al margen de las pol\u00edticas sociales p\u00fablicas, y lo est\u00e1n demostrando tanto en Oaxaca como en otras ciudades en donde salen a protestar&nbsp;personas que ya est\u00e1n dejando de lado su indiferencia&nbsp;clasemediera tradicional.&nbsp;La tecnolog\u00eda est\u00e1 abriendo nuevas formas de participaci\u00f3n y las redes sociales son ejemplo de c\u00f3mo&nbsp;hacerse escuchar.<\/p>\n\n\n\n<p>Oaxaca es un basti\u00f3n del populismo, pero la gente est\u00e1 empezando a salirse del redil.<\/p>\n\n\n\n<p>POL\u00cdTICA EXTERIOR.<\/p>\n\n\n\n<p>Desde los a\u00f1os del desastre de Luis Echeverr\u00eda en los a\u00f1os 70, M\u00e9xico no hab\u00eda vivido una etapa tan vergonzosa de su otrora&nbsp;honrosa&nbsp;pol\u00edtica exterior&nbsp;y de asilo a perseguidos como ahora con L\u00f3pez Obrador.&nbsp;\u00c9l ya se va, el problema es para la pr\u00f3xima presidenta y para las familias de ecuatorianos y mexicanos afectados.<\/p>\n\n\n\n<p>nestoryuri@yahoo.com<\/p>\n","protected":false},"excerpt":{"rendered":"<p>N\u00e9stor Y. S\u00e1nchez Islas. En los corredores del Palacio de Gobierno seguramente, en \u201cpetit comit\u00e9\u201d,&hellip;<\/p>\n","protected":false},"author":2,"featured_media":41861,"comment_status":"closed","ping_status":"open","sticky":false,"template":"","format":"standard","meta":{"_lmt_disableupdate":"","_lmt_disable":"","_jetpack_memberships_contains_paid_content":false,"footnotes":""},"categories":[456,109],"tags":[3050],"class_list":["post-67442","post","type-post","status-publish","format-standard","has-post-thumbnail","hentry","category-columna","category-minuto-a-minuto","tag-nestor-yuri-sanchez"],"jetpack_featured_media_url":"https:\/\/zonaroja.com.mx\/wp-content\/uploads\/2022\/05\/Opinion-Nestor-Yuri-Sanchez-Islas.jpg","jetpack_sharing_enabled":true,"_links":{"self":[{"href":"https:\/\/zonaroja.com.mx\/index.php?rest_route=\/wp\/v2\/posts\/67442","targetHints":{"allow":["GET"]}}],"collection":[{"href":"https:\/\/zonaroja.com.mx\/index.php?rest_route=\/wp\/v2\/posts"}],"about":[{"href":"https:\/\/zonaroja.com.mx\/index.php?rest_route=\/wp\/v2\/types\/post"}],"author":[{"embeddable":true,"href":"https:\/\/zonaroja.com.mx\/index.php?rest_route=\/wp\/v2\/users\/2"}],"replies":[{"embeddable":true,"href":"https:\/\/zonaroja.com.mx\/index.php?rest_route=%2Fwp%2Fv2%2Fcomments&post=67442"}],"version-history":[{"count":1,"href":"https:\/\/zonaroja.com.mx\/index.php?rest_route=\/wp\/v2\/posts\/67442\/revisions"}],"predecessor-version":[{"id":67443,"href":"https:\/\/zonaroja.com.mx\/index.php?rest_route=\/wp\/v2\/posts\/67442\/revisions\/67443"}],"wp:featuredmedia":[{"embeddable":true,"href":"https:\/\/zonaroja.com.mx\/index.php?rest_route=\/wp\/v2\/media\/41861"}],"wp:attachment":[{"href":"https:\/\/zonaroja.com.mx\/index.php?rest_route=%2Fwp%2Fv2%2Fmedia&parent=67442"}],"wp:term":[{"taxonomy":"category","embeddable":true,"href":"https:\/\/zonaroja.com.mx\/index.php?rest_route=%2Fwp%2Fv2%2Fcategories&post=67442"},{"taxonomy":"post_tag","embeddable":true,"href":"https:\/\/zonaroja.com.mx\/index.php?rest_route=%2Fwp%2Fv2%2Ftags&post=67442"}],"curies":[{"name":"wp","href":"https:\/\/api.w.org\/{rel}","templated":true}]}}