{"id":67444,"date":"2024-04-18T11:30:00","date_gmt":"2024-04-18T16:30:00","guid":{"rendered":"http:\/\/www.zonaroja.com.mx\/?p=67444"},"modified":"2024-04-18T08:15:03","modified_gmt":"2024-04-18T13:15:03","slug":"criminal-ola-de-violencia-8-muertos-en-tabasco-7-en-la-cdmx-empresario-en-guerrero","status":"publish","type":"post","link":"https:\/\/zonaroja.com.mx\/?p=67444","title":{"rendered":"Criminal ola de violencia: 8 muertos en Tabasco; 7 en la Cdmx; empresario en Guerrero"},"content":{"rendered":"\n<p>Redacci\u00f3n\/Zona Roja Cdmx.&nbsp;<\/p>\n\n\n\n<p>Ciudad de M\u00e9xico, a 18 de abril de 2024.- El empresario Ricardo Santiago Brito fue ejecutado a balazos ayer en Acapulco antes de que el senador por Morena, F\u00e9lix Salgado Macedonio, realizara un mitin pol\u00edtico en esa zona.&nbsp;<\/p>\n\n\n\n<p>Santiago Brito fue ultimado pasadas las 16:00 horas por un sujeto que portaba una pistola de grueso calibre, y lo atac\u00f3 cuando com\u00eda en una fonda ubicada en la calle Jos\u00e9 Mar\u00eda Izazaga, en la zona suburbana del puerto.<\/p>\n\n\n\n<p>En su perfil de Facebook, el empresario Ricardo Santiago public\u00f3 fotograf\u00edas en las que aparec\u00eda al lado de la gobernadora de Guerrero, Evelyn Salgado Pineda, y del senador F\u00e9lix Salgado Macedonio. Ricardo Santiago, era due\u00f1o de Mexicanos Primero, entre otras empresas de su propiedad.&nbsp;<\/p>\n\n\n\n<p>EN TABASCO<\/p>\n\n\n\n<p>Un enfrentamiento entre un grupo de delincuentes y fuerzas de seguridad en la comunidad de San Marcos, municipio de Jalapa, Tabasco, dej\u00f3 al menos ocho muertos, un herido y cuatro detenidos, informaron fuentes policiacas.<br>Los primeros reportes de vecinos que circulan en redes sociales, elementos de la Guardia Nacional y del Ej\u00e9rcito Mexicano protagonizaron una balacera al interior de un rancho con un grupo de personas armadas que se pertrecharon en el inmueble.<\/p>\n\n\n\n<p>De acuerdo con reportes de autoridades los cuerpos de la v\u00edctimas fueron llevados al Servicio M\u00e9dico Forense, en tanto que el rancho donde se suscitaron los hechos qued\u00f3 bajo el resguardo, lo mismo que varios veh\u00edculos.<\/p>\n\n\n\n<p>Asimismo, autoridades reportaron del hallazgo del cuerpo del l\u00edder ca\u00f1ero del municipio de C\u00e1rdenas, Jos\u00e9 Libio Pons Echeverr\u00eda, en un predio del poblado C-29.<\/p>\n\n\n\n<p>EN LA CDMX<\/p>\n\n\n\n<p>La Fiscal\u00eda General de Justicia de la Ciudad de M\u00e9xico integra una carpeta de investigaci\u00f3n por la presunta comisi\u00f3n del delito de homicidio doloso, al tomar conocimiento del fallecimiento de tres personas por arma de fuego, en calles de la colonia Cosmopolita, en Azcapotzalco.<br>De acuerdo con las primeras investigaciones, polic\u00edas de la Secretar\u00eda de Seguridad Ciudadana fueron informados que, en la calle Aleutianas se encontraban varias personas lesionadas.<br>Al lugar llegaron param\u00e9dicos, quienes informaron que dos de los agraviados no presentaban signos vitales, mientras que el tercer herido fue trasladado a un hospital, donde falleci\u00f3.<br>Por otra parte, en un ataque directo, cuatro personas perdieron la vida por dispar\u00f3 de arma de fuego en la colonia San Miguel, del poblado de San Andr\u00e9s Mixquic en la alcald\u00eda de Tl\u00e1huac.<\/p>\n\n\n\n<p>Las v\u00edctimas, adolescentes de 17 a\u00f1o, se encontraban en la calle&nbsp;20 de Noviembre&nbsp;y Josefa Ortiz de Dom\u00ednguez, l\u00edmites con el municipio de Chalco, hasta donde llegaron varios sujetos a bordo de veh\u00edculo Sedan color rojo y sin mediar palabra les empezaron a disparar.<\/p>\n\n\n\n<p>Ante las detonaciones los habitantes de la zona se resguardaron en viviendas y negocios, tras la huida de los presuntos agresores trataron de auxiliar a los heridos y se registr\u00f3 una fuerte movilizaci\u00f3n policiaca.<\/p>\n\n\n\n<p>Polic\u00edas de la Secretar\u00eda de Seguridad Ciudadana acudieron al lugar acordonaron la zona, mientras que param\u00e9dicos del Escuadr\u00f3n de Rescate y Urgencias M\u00e9dicas valoraron a los heridos, tres ya no reportaban signos vitales, sin embargo, el cuarto segu\u00eda con vida.<\/p>\n\n\n\n<p>El joven de 17 a\u00f1os, tambi\u00e9n herido fue trasladado en ambulancia al hospital General de Xoco, sin embargo, la polic\u00eda capitalina inform\u00f3 que los cuatro perdieron la vida por el ataque.<\/p>\n\n\n\n<p>EN GUERRERO<\/p>\n\n\n\n<p>Al menos 20 sujetos que portaban rifles de alto poder despojaron de sus veh\u00edculos y pertenencias a maestros de tres planteles de educaci\u00f3n b\u00e1sica de la comunidad de Las Lomitas, municipio de Coyuca de Ben\u00edtez, en la Costa Grande de Guerrero, dio a conocer la secci\u00f3n 14 del Sindicato Nacional de Trabajadores de la Educaci\u00f3n (SNTE)<\/p>\n\n\n\n<p>De acuerdo con las denuncias interpuestas, el atraco se cometi\u00f3 a las 09:30 horas del martes, cuando los civiles armados bloquearon los accesos al poblado e irrumpieron en la Escuela Primaria Francisco I. Madero; el Jard\u00edn de Ni\u00f1os Juana de Asbaje, y la telesecundaria Juan Ruiz de Alarc\u00f3n.<\/p>\n\n\n\n<p>Docentes y ciudadanos denunciaron que ayer unos 20 hombres armados bloquearon los accesos a la comunidad y les quitaron sus veh\u00edculos, dinero y pertenencias tras irrumpir en las escuelas citadas.<\/p>\n\n\n\n<p>Testigos dijeron que \u201cle quitaron el carro al profe de la primaria; a la directora, las llaves de la escuela y a otra maestra del preescolar se llevaron su carro, y luego los amenazaron si denunciaban\u201d.<\/p>\n\n\n\n<p>En un comunicado, la dirigencia de la secci\u00f3n 14 del SNTE, reprob\u00f3 \u00abde manera contundente los actos violentos del que fueron v\u00edctimas compa\u00f1eras y compa\u00f1eros trabajadores de tres escuelas de educaci\u00f3n b\u00e1sica, de Las Lomitas, municipio de Coyuca de Ben\u00edtez\u201d.<\/p>\n\n\n\n<p>Asimismo, hicieron \u201cun llamado a las autoridades del estado a brindar mayor seguridad a las escuelas, a sus trabajadores, al alumnado y a padres de familia, dise\u00f1ando una estrategia integral de seguridad\u201d.<\/p>\n\n\n\n<p>(Con informaci\u00f3n de \u201cLa Jornada\u201d)<\/p>\n","protected":false},"excerpt":{"rendered":"<p>Redacci\u00f3n\/Zona Roja Cdmx.&nbsp; Ciudad de M\u00e9xico, a 18 de abril de 2024.- El empresario Ricardo&hellip;<\/p>\n","protected":false},"author":2,"featured_media":44861,"comment_status":"closed","ping_status":"open","sticky":false,"template":"","format":"standard","meta":{"_lmt_disableupdate":"","_lmt_disable":"","_jetpack_memberships_contains_paid_content":false,"footnotes":""},"categories":[109,51],"tags":[1746],"class_list":["post-67444","post","type-post","status-publish","format-standard","has-post-thumbnail","hentry","category-minuto-a-minuto","category-zona-roja","tag-violencia-en-mexico"],"jetpack_featured_media_url":"https:\/\/zonaroja.com.mx\/wp-content\/uploads\/2022\/08\/Escena-del-crimen-asesinato-muerte-homicidio.jpeg","jetpack_sharing_enabled":true,"_links":{"self":[{"href":"https:\/\/zonaroja.com.mx\/index.php?rest_route=\/wp\/v2\/posts\/67444","targetHints":{"allow":["GET"]}}],"collection":[{"href":"https:\/\/zonaroja.com.mx\/index.php?rest_route=\/wp\/v2\/posts"}],"about":[{"href":"https:\/\/zonaroja.com.mx\/index.php?rest_route=\/wp\/v2\/types\/post"}],"author":[{"embeddable":true,"href":"https:\/\/zonaroja.com.mx\/index.php?rest_route=\/wp\/v2\/users\/2"}],"replies":[{"embeddable":true,"href":"https:\/\/zonaroja.com.mx\/index.php?rest_route=%2Fwp%2Fv2%2Fcomments&post=67444"}],"version-history":[{"count":1,"href":"https:\/\/zonaroja.com.mx\/index.php?rest_route=\/wp\/v2\/posts\/67444\/revisions"}],"predecessor-version":[{"id":67445,"href":"https:\/\/zonaroja.com.mx\/index.php?rest_route=\/wp\/v2\/posts\/67444\/revisions\/67445"}],"wp:featuredmedia":[{"embeddable":true,"href":"https:\/\/zonaroja.com.mx\/index.php?rest_route=\/wp\/v2\/media\/44861"}],"wp:attachment":[{"href":"https:\/\/zonaroja.com.mx\/index.php?rest_route=%2Fwp%2Fv2%2Fmedia&parent=67444"}],"wp:term":[{"taxonomy":"category","embeddable":true,"href":"https:\/\/zonaroja.com.mx\/index.php?rest_route=%2Fwp%2Fv2%2Fcategories&post=67444"},{"taxonomy":"post_tag","embeddable":true,"href":"https:\/\/zonaroja.com.mx\/index.php?rest_route=%2Fwp%2Fv2%2Ftags&post=67444"}],"curies":[{"name":"wp","href":"https:\/\/api.w.org\/{rel}","templated":true}]}}