{"id":67447,"date":"2024-04-18T12:54:00","date_gmt":"2024-04-18T17:54:00","guid":{"rendered":"http:\/\/www.zonaroja.com.mx\/?p=67447"},"modified":"2024-04-18T09:00:53","modified_gmt":"2024-04-18T14:00:53","slug":"revelan-que-amlo-mantiene-relacion-amistosa-con-pena-nieto","status":"publish","type":"post","link":"https:\/\/zonaroja.com.mx\/?p=67447","title":{"rendered":"Revelan que AMLO mantiene relaci\u00f3n amistosa con Pe\u00f1a Nieto"},"content":{"rendered":"\n<p>Redacci\u00f3n\/Zona Roja Cdmx.<\/p>\n\n\n\n<p>Cuidad de M\u00e9xico, a 18 de abril de 2024.- El periodista Mario Maldonado revela en su m\u00e1s reciente libro \u201cConfesiones desde el exilio: EPN\u201d que el presidente Andr\u00e9s Manuel L\u00f3pez Obrador (AMLO) y su antecesor, Enrique Pe\u00f1a Nieto, habr\u00edan sostenido una conversaci\u00f3n en septiembre de 2023.<\/p>\n\n\n\n<p>Dicha obra se basa en una serie de entrevistas que el columnista sostuvo con el expresidente durante los \u00faltimos meses en Madrid, Espa\u00f1a, y Punta Cana, Rep\u00fablica Dominicana.<\/p>\n\n\n\n<p>En una parte del libro, se detalla que Pe\u00f1a Nieto contact\u00f3 a AMLO el viernes 15 de septiembre para agradecer las palabras que el primer mandatario hab\u00eda expresado en favor del expresidente un d\u00eda antes durante la asunci\u00f3n al poder de Delfina G\u00f3mez en el Estado de M\u00e9xico.<\/p>\n\n\n\n<p>UN DEM\u00d3CRATA<\/p>\n\n\n\n<p>L\u00f3pez Obrador record\u00f3 el jueves 14 de septiembre que el entonces Presidente de M\u00e9xico no intervino en las elecciones presidenciales de 2018, de las cuales result\u00f3 ganador; argumentando que en 2006 y 2012, Vicente Fox y Felipe Calder\u00f3n s\u00ed hab\u00edan operado desde la Presidencia para evitar que \u00e9l llegara al poder.<\/p>\n\n\n\n<p>\u201cSoy presidente porque lo decidi\u00f3 el pueblo de M\u00e9xico de manera libre, pero tambi\u00e9n tengo que reconocer que el presidente Pe\u00f1a, a diferencia de los otros dos presidentes (Vicente Fox y Felipe Calder\u00f3n), lo digo con todo respeto, no se meti\u00f3, es decir, no acept\u00f3 hacer trampas y respet\u00f3 la voluntad del pueblo de M\u00e9xico. Eso no lo voy a olvidar\u201d, se\u00f1al\u00f3 AMLO.<\/p>\n\n\n\n<p>Estas fueron las palabras que motivaron a Pe\u00f1a Nieto a buscar a AMLO para expresar su gratitud por el reconocimiento y para intercambiar opiniones despu\u00e9s de aquel 1 de diciembre de 2018, cuando el priista entreg\u00f3 la banda presidencial al morenista.<\/p>\n\n\n\n<p>LA LLAMADA<\/p>\n\n\n\n<p>Seg\u00fan lo manifestado por Maldonado, la comunicaci\u00f3n se llev\u00f3 a cabo a trav\u00e9s de dos intermediarios: uno vinculado al expresidente y otro a Daniel Asaf Manjarrez, quien supervisaba la Ayudant\u00eda de L\u00f3pez Obrador.<\/p>\n\n\n\n<p>Pe\u00f1a Nieto contact\u00f3 a Asaf mediante WhatsApp, quien a su vez comunic\u00f3 a L\u00f3pez Obrador. La interacci\u00f3n fue breve, durando apenas uno o dos minutos.<\/p>\n\n\n\n<p>\u201cLe aprecio mucho el gesto de ayer, se\u00f1or presidente\u201d, le habr\u00eda dicho Pe\u00f1a Nieto a L\u00f3pez Obrador. Y la respuesta del presidente ser\u00eda: \u201cGracias, Enrique, te comportaste como un dem\u00f3crata, eso no lo voy a olvidar. Que est\u00e9s bien\u201d.<\/p>\n\n\n\n<p>La llamada no solo coincidi\u00f3 con el d\u00eda del Grito de Independencia, sino tambi\u00e9n con la inauguraci\u00f3n de la primera parte del Tren Interurbano M\u00e9xico-Toluca, uno de los proyectos emblem\u00e1ticos del sexenio de Pe\u00f1a Nieto que no fue cancelado por el nuevo gobierno, a diferencia de lo ocurrido con el aeropuerto de Texcoco.<\/p>\n\n\n\n<p>Se sabe que la transici\u00f3n de poder entre Pe\u00f1a Nieto y L\u00f3pez Obrador fue tersa y fluida, lleg\u00e1ndose a reunir en varias ocasiones, incluso los gabinetes entrante y saliente, durante los meses posteriores a las elecciones presidenciales de 2018.<\/p>\n\n\n\n<p>Otro punto a destacar es que AMLO rara vez emite comentarios negativos contra el expresidente priista desde la conferencia matutina, a diferencia de c\u00f3mo lo hace con exmandatarios como Felipe Calder\u00f3n, Vicente Fox, Ernesto Zedillo y Carlos Salinas.<\/p>\n\n\n\n<p>(Informaci\u00f3n de \u201cReporte \u00cdndigo\u201d)<\/p>\n","protected":false},"excerpt":{"rendered":"<p>Redacci\u00f3n\/Zona Roja Cdmx. Cuidad de M\u00e9xico, a 18 de abril de 2024.- El periodista Mario&hellip;<\/p>\n","protected":false},"author":2,"featured_media":9016,"comment_status":"closed","ping_status":"open","sticky":false,"template":"","format":"standard","meta":{"_lmt_disableupdate":"","_lmt_disable":"","_jetpack_memberships_contains_paid_content":false,"footnotes":""},"categories":[109,47],"tags":[143,822],"class_list":["post-67447","post","type-post","status-publish","format-standard","has-post-thumbnail","hentry","category-minuto-a-minuto","category-zona-gris","tag-andres-manuel-lopez-obrador","tag-enrique-pena-nieto"],"jetpack_featured_media_url":"https:\/\/zonaroja.com.mx\/wp-content\/uploads\/2020\/02\/Enrique-Pe\u00f1a-Nieto.jpg","jetpack_sharing_enabled":true,"_links":{"self":[{"href":"https:\/\/zonaroja.com.mx\/index.php?rest_route=\/wp\/v2\/posts\/67447","targetHints":{"allow":["GET"]}}],"collection":[{"href":"https:\/\/zonaroja.com.mx\/index.php?rest_route=\/wp\/v2\/posts"}],"about":[{"href":"https:\/\/zonaroja.com.mx\/index.php?rest_route=\/wp\/v2\/types\/post"}],"author":[{"embeddable":true,"href":"https:\/\/zonaroja.com.mx\/index.php?rest_route=\/wp\/v2\/users\/2"}],"replies":[{"embeddable":true,"href":"https:\/\/zonaroja.com.mx\/index.php?rest_route=%2Fwp%2Fv2%2Fcomments&post=67447"}],"version-history":[{"count":1,"href":"https:\/\/zonaroja.com.mx\/index.php?rest_route=\/wp\/v2\/posts\/67447\/revisions"}],"predecessor-version":[{"id":67448,"href":"https:\/\/zonaroja.com.mx\/index.php?rest_route=\/wp\/v2\/posts\/67447\/revisions\/67448"}],"wp:featuredmedia":[{"embeddable":true,"href":"https:\/\/zonaroja.com.mx\/index.php?rest_route=\/wp\/v2\/media\/9016"}],"wp:attachment":[{"href":"https:\/\/zonaroja.com.mx\/index.php?rest_route=%2Fwp%2Fv2%2Fmedia&parent=67447"}],"wp:term":[{"taxonomy":"category","embeddable":true,"href":"https:\/\/zonaroja.com.mx\/index.php?rest_route=%2Fwp%2Fv2%2Fcategories&post=67447"},{"taxonomy":"post_tag","embeddable":true,"href":"https:\/\/zonaroja.com.mx\/index.php?rest_route=%2Fwp%2Fv2%2Ftags&post=67447"}],"curies":[{"name":"wp","href":"https:\/\/api.w.org\/{rel}","templated":true}]}}