{"id":67449,"date":"2024-04-18T12:30:00","date_gmt":"2024-04-18T17:30:00","guid":{"rendered":"http:\/\/www.zonaroja.com.mx\/?p=67449"},"modified":"2024-04-18T09:02:40","modified_gmt":"2024-04-18T14:02:40","slug":"en-oaxaca-darian-hasta-nueve-anos-de-prision-a-quien-provoque-incendios-forestales","status":"publish","type":"post","link":"https:\/\/zonaroja.com.mx\/?p=67449","title":{"rendered":"En Oaxaca dar\u00edan hasta nueve a\u00f1os de prisi\u00f3n a quien provoque incendios forestales"},"content":{"rendered":"\n<p>Redacci\u00f3n\/Zona Roja.<\/p>\n\n\n\n<p>Oaxaca de Ju\u00e1rez, Oax., 17 de abril de 2024.- Durante la primera sesi\u00f3n ordinaria de la Diputaci\u00f3n Permanente, la presidenta de \u00e9sta, Liz Hern\u00e1ndez Matus, present\u00f3 una iniciativa de reforma al C\u00f3digo Penal de Oaxaca en la cual se plantea sancionar con hasta nueve a\u00f1os de prisi\u00f3n a quien provoque incendios forestales en la entidad.<\/p>\n\n\n\n<p>Mediante la iniciativa, se propone una sanci\u00f3n de uno a nueve a\u00f1os de prisi\u00f3n y una multa econ\u00f3mica de 500 a mil 500 veces el valor diario de la Unidad de Medida y Actualizaci\u00f3n a quien provoque uno o m\u00e1s incendios que da\u00f1en elementos naturales, ecosistemas o el ambiente, flora o fauna, \u00e1reas naturales de valor ambiental, forestal, bosques, selvas, agropecuario, parques o \u00e1reas verdes de suelo urbano de competencia estatal.<\/p>\n\n\n\n<p>De igual manera, se plantea que estas penas se incrementen hasta en una mitad cuando para provocar el o los incendios se utilicen sustancias qu\u00edmicas o el da\u00f1o se extienda a m\u00e1s de dos hect\u00e1reas, o cuando se afecten \u00e1reas pertenecientes a pueblos y comunidades ind\u00edgenas o afromexicanas.<\/p>\n\n\n\n<p>La propuesta de reforma fue turnada para su an\u00e1lisis y dictamen a la Comisi\u00f3n Permanente de Administraci\u00f3n y Procuraci\u00f3n de Justicia.<\/p>\n\n\n\n<p>Durante la sesi\u00f3n, tambi\u00e9n se presentaron iniciativas de reforma a la Ley Org\u00e1nica del Poder Ejecutivo del Estado y a la Ley de Caminos y Aeropistas de Oaxaca, las cuales fueron turnadas a comisiones para su respectivo estudio y dictaminaci\u00f3n.<\/p>\n\n\n\n<p>Aunado a ello, se comunicaron en primera lectura cuatro dict\u00e1menes emitidos por la Comisi\u00f3n Permanente de Presupuesto y Programaci\u00f3n, los cuales quedaron reservados para un periodo pr\u00f3ximo de sesiones ordinarias del Pleno.<\/p>\n","protected":false},"excerpt":{"rendered":"<p>Redacci\u00f3n\/Zona Roja. Oaxaca de Ju\u00e1rez, Oax., 17 de abril de 2024.- Durante la primera sesi\u00f3n&hellip;<\/p>\n","protected":false},"author":2,"featured_media":55671,"comment_status":"closed","ping_status":"open","sticky":false,"template":"","format":"standard","meta":{"_lmt_disableupdate":"","_lmt_disable":"","_jetpack_memberships_contains_paid_content":false,"footnotes":""},"categories":[109,46],"tags":[2743],"class_list":["post-67449","post","type-post","status-publish","format-standard","has-post-thumbnail","hentry","category-minuto-a-minuto","category-zona-blanca","tag-65-legislatura-del-estado-de-oaxaca"],"jetpack_featured_media_url":"https:\/\/zonaroja.com.mx\/wp-content\/uploads\/2023\/05\/Sede-del-Congreso-del-Estado-Camara-de-Diputados.jpg","jetpack_sharing_enabled":true,"_links":{"self":[{"href":"https:\/\/zonaroja.com.mx\/index.php?rest_route=\/wp\/v2\/posts\/67449","targetHints":{"allow":["GET"]}}],"collection":[{"href":"https:\/\/zonaroja.com.mx\/index.php?rest_route=\/wp\/v2\/posts"}],"about":[{"href":"https:\/\/zonaroja.com.mx\/index.php?rest_route=\/wp\/v2\/types\/post"}],"author":[{"embeddable":true,"href":"https:\/\/zonaroja.com.mx\/index.php?rest_route=\/wp\/v2\/users\/2"}],"replies":[{"embeddable":true,"href":"https:\/\/zonaroja.com.mx\/index.php?rest_route=%2Fwp%2Fv2%2Fcomments&post=67449"}],"version-history":[{"count":1,"href":"https:\/\/zonaroja.com.mx\/index.php?rest_route=\/wp\/v2\/posts\/67449\/revisions"}],"predecessor-version":[{"id":67450,"href":"https:\/\/zonaroja.com.mx\/index.php?rest_route=\/wp\/v2\/posts\/67449\/revisions\/67450"}],"wp:featuredmedia":[{"embeddable":true,"href":"https:\/\/zonaroja.com.mx\/index.php?rest_route=\/wp\/v2\/media\/55671"}],"wp:attachment":[{"href":"https:\/\/zonaroja.com.mx\/index.php?rest_route=%2Fwp%2Fv2%2Fmedia&parent=67449"}],"wp:term":[{"taxonomy":"category","embeddable":true,"href":"https:\/\/zonaroja.com.mx\/index.php?rest_route=%2Fwp%2Fv2%2Fcategories&post=67449"},{"taxonomy":"post_tag","embeddable":true,"href":"https:\/\/zonaroja.com.mx\/index.php?rest_route=%2Fwp%2Fv2%2Ftags&post=67449"}],"curies":[{"name":"wp","href":"https:\/\/api.w.org\/{rel}","templated":true}]}}