{"id":67451,"date":"2024-04-19T11:30:00","date_gmt":"2024-04-19T16:30:00","guid":{"rendered":"http:\/\/www.zonaroja.com.mx\/?p=67451"},"modified":"2024-04-18T22:03:25","modified_gmt":"2024-04-19T03:03:25","slug":"es-oaxaca-segundo-lugar-nacional-en-agresiones-a-defensores-ambientales","status":"publish","type":"post","link":"https:\/\/zonaroja.com.mx\/?p=67451","title":{"rendered":"Es Oaxaca segundo lugar nacional en agresiones a defensores ambientales"},"content":{"rendered":"\n<p>Redacci\u00f3n\/Zona Roja Cdmx. Foto: Archivo<\/p>\n\n\n\n<p>Ciudad de M\u00e9xico, a 19 de abril de 2024.- En M\u00e9xico se registraron 20 agresiones letales contra defensores de derechos humanos ambientales en 2023, de ellos 19 fueron homicidios y una ejecuci\u00f3n extrajudicial, inform\u00f3 la organizaci\u00f3n no gubernamental Centro Mexicano de Derecho Ambiental (Cemda).<\/p>\n\n\n\n<p>Adem\u00e1s, precis\u00f3 que en total, durante el a\u00f1o pasado se registraron 123 eventos de agresi\u00f3n, entre ellas amenazas, intimidaci\u00f3n, agresiones f\u00edsicas y criminalizaci\u00f3n, adem\u00e1s apunt\u00f3 que 2023 fue el segundo a\u00f1o, en la \u00faltima d\u00e9cada, con m\u00e1s actos de agresi\u00f3n, superado por 2022 con 197.<\/p>\n\n\n\n<p>En la presentaci\u00f3n del \u2018Informe sobre la situaci\u00f3n de las personas y comunidades defensoras de los derechos humanos ambientales en M\u00e9xico, 2023\u2032, el Cemda expuso que los estados con mayores eventos de agresi\u00f3n fueron Jalisco con 20, Oaxaca con 19 y Ciudad de M\u00e9xico con 12.<\/p>\n\n\n\n<p>Mientras que los sectores productivos que m\u00e1s casos presentaron fueron la miner\u00eda con 30, v\u00edas de comunicaci\u00f3n con 18, temas forestales con 13, sector h\u00eddrico con 12 y biodiversidad con 11.<\/p>\n\n\n\n<p>A partir del an\u00e1lisis de 123 eventos de violencia documentados durante el a\u00f1o 2023, \u201cse identificaron 282 agresiones espec\u00edficas en contra de personas y comunidades defensoras de los derechos humanos ambientales\u201d, apunt\u00f3 el informe.<\/p>\n\n\n\n<p>Las formas de agresi\u00f3n que tuvieron mayor registro durante el 2023 fueron las amenazas (33), seguidas de la intimidaci\u00f3n (28), las agresiones f\u00edsicas (26), la criminalizaci\u00f3n (21), el homicidio (19) y el hostigamiento (19).<\/p>\n\n\n\n<p>\u201cPodemos ver que, aunque el n\u00famero total de agresiones registradas durante el 2023 (282 agresiones) disminuy\u00f3 en comparaci\u00f3n con el a\u00f1o 2022 (582 agresiones). Se trata de cifras altas e inaceptables que generan preocupaci\u00f3n\u201d, expuso el documento.<\/p>\n\n\n\n<p>La ONG explic\u00f3 que en el 2023 se documentaron 16 eventos de agresi\u00f3n letales en los que perdieron la vida 20 personas defensoras del medio ambiente, la tierra y el territorio.<\/p>\n\n\n\n<p>La cifra de 20 agresiones letales en el a\u00f1o 2023 es la quinta m\u00e1s alta documentada por el Cemda en los \u00faltimos 10 a\u00f1os y record\u00f3 que en 2017 se documentaron 29 agresiones letales, en 2021 fueron 25, en 2022 hubo 24, y en el 2018 fueron documentadas 21.<\/p>\n\n\n\n<p>\u201cEstos datos ratifican que M\u00e9xico contin\u00faa teniendo cifras muy altas de agresiones letales. Esta situaci\u00f3n es grave y se ha prolongado por varios a\u00f1os, lo cual es contrario a la obligaci\u00f3n del Gobierno mexicano de garantizar el derecho a la vida, as\u00ed como entornos seguros y propicios para realizar la labor de defensa del medio ambiente, la tierra y el territorio\u201d, indic\u00f3 el documento.<\/p>\n\n\n\n<p>Explic\u00f3 que sumando los datos de este a\u00f1o, se ha llegado a la cifra de 102 personas defensoras del medio ambiente asesinadas en M\u00e9xico a causa de su labor durante el periodo del actual Gobierno federal.<\/p>\n\n\n\n<p>\u201cEn suma, en lo que va de esta Administraci\u00f3n (2018-2024) los casos de agresiones letales en contra de personas defensoras ambientales no han disminuido\u201d, concluy\u00f3 el Cemda.<\/p>\n\n\n\n<p>En cuanto a las desapariciones, durante el 2023, apunt\u00f3 que se documentaron 11 eventos, en los que ocho personas defensoras fueron v\u00edctimas de desaparici\u00f3n, cuatro de desaparici\u00f3n forzada y siete de desaparici\u00f3n por particulares. Al menos 19 personas defensoras de los derechos humanos ambientales fueron v\u00edctimas de alg\u00fan tipo de desaparici\u00f3n en el transcurso de 2023.<\/p>\n\n\n\n<p>(Informaci\u00f3n de la agencia EFE en \u201cEl Financiero\u201d)<\/p>\n","protected":false},"excerpt":{"rendered":"<p>Redacci\u00f3n\/Zona Roja Cdmx. Foto: Archivo Ciudad de M\u00e9xico, a 19 de abril de 2024.- En&hellip;<\/p>\n","protected":false},"author":2,"featured_media":18146,"comment_status":"closed","ping_status":"open","sticky":false,"template":"","format":"standard","meta":{"_lmt_disableupdate":"","_lmt_disable":"","_jetpack_memberships_contains_paid_content":false,"footnotes":""},"categories":[109,47],"tags":[],"class_list":["post-67451","post","type-post","status-publish","format-standard","has-post-thumbnail","hentry","category-minuto-a-minuto","category-zona-gris"],"jetpack_featured_media_url":"https:\/\/zonaroja.com.mx\/wp-content\/uploads\/2020\/09\/Protesta-ambientalistas-zocalo..png","jetpack_sharing_enabled":true,"_links":{"self":[{"href":"https:\/\/zonaroja.com.mx\/index.php?rest_route=\/wp\/v2\/posts\/67451","targetHints":{"allow":["GET"]}}],"collection":[{"href":"https:\/\/zonaroja.com.mx\/index.php?rest_route=\/wp\/v2\/posts"}],"about":[{"href":"https:\/\/zonaroja.com.mx\/index.php?rest_route=\/wp\/v2\/types\/post"}],"author":[{"embeddable":true,"href":"https:\/\/zonaroja.com.mx\/index.php?rest_route=\/wp\/v2\/users\/2"}],"replies":[{"embeddable":true,"href":"https:\/\/zonaroja.com.mx\/index.php?rest_route=%2Fwp%2Fv2%2Fcomments&post=67451"}],"version-history":[{"count":2,"href":"https:\/\/zonaroja.com.mx\/index.php?rest_route=\/wp\/v2\/posts\/67451\/revisions"}],"predecessor-version":[{"id":67467,"href":"https:\/\/zonaroja.com.mx\/index.php?rest_route=\/wp\/v2\/posts\/67451\/revisions\/67467"}],"wp:featuredmedia":[{"embeddable":true,"href":"https:\/\/zonaroja.com.mx\/index.php?rest_route=\/wp\/v2\/media\/18146"}],"wp:attachment":[{"href":"https:\/\/zonaroja.com.mx\/index.php?rest_route=%2Fwp%2Fv2%2Fmedia&parent=67451"}],"wp:term":[{"taxonomy":"category","embeddable":true,"href":"https:\/\/zonaroja.com.mx\/index.php?rest_route=%2Fwp%2Fv2%2Fcategories&post=67451"},{"taxonomy":"post_tag","embeddable":true,"href":"https:\/\/zonaroja.com.mx\/index.php?rest_route=%2Fwp%2Fv2%2Ftags&post=67451"}],"curies":[{"name":"wp","href":"https:\/\/api.w.org\/{rel}","templated":true}]}}