{"id":67455,"date":"2024-04-18T16:30:00","date_gmt":"2024-04-18T21:30:00","guid":{"rendered":"http:\/\/www.zonaroja.com.mx\/?p=67455"},"modified":"2024-04-18T09:09:04","modified_gmt":"2024-04-18T14:09:04","slug":"morena-y-aliados-dan-poder-a-amlo-para-perdonar-a-criminales","status":"publish","type":"post","link":"https:\/\/zonaroja.com.mx\/?p=67455","title":{"rendered":"Morena y aliados dan poder a AMLO para \u2018perdonar\u2019 a criminales"},"content":{"rendered":"\n<p>Redacci\u00f3n\/Zona Roja Cdmx.<\/p>\n\n\n\n<p>Ciudad de M\u00e9xico, a 18 de abril de 2024.- El Senado de la Rep\u00fablica aprob\u00f3 recientemente una modificaci\u00f3n a la Ley de Amnist\u00eda que permite al presidente otorgar amnist\u00eda directa en casos donde el detenido aporte informaci\u00f3n relevante para esclarecer casos significativos para el Estado. La votaci\u00f3n, que termin\u00f3 con 67 votos a favor y 32 en contra, ha generado un intenso debate entre los legisladores.<\/p>\n\n\n\n<p>Morena junto a sus aliados en el legislativo respaldaron la propuesta impulsada por el senador Ricardo Monreal, en contraste, la oposici\u00f3n critic\u00f3 que esta reforma otorga un papel protag\u00f3nico al Presidente, descuidando los derechos de las v\u00edctimas.<\/p>\n\n\n\n<p>Con esta adici\u00f3n, introducida por la presidenta de la comisi\u00f3n de Justicia, Olga S\u00e1nchez Cordero, se a\u00f1ade un art\u00edculo 9 a la Ley de Amnist\u00eda de 2020, ampliando las facultades del Ejecutivo. Este cambio ha sido criticado por varios senadores que ven en esta medida una concesi\u00f3n excesiva de poder, argumentando que podr\u00eda beneficiar a criminales de diversa \u00edndole sin un proceso judicial adecuado.<\/p>\n\n\n\n<p>En el comienzo de la discusi\u00f3n, el Partido Acci\u00f3n Nacional propuso una moci\u00f3n para regresar el dictamen a comisiones para su revisi\u00f3n; no obstante, la mayor\u00eda conformada por Morena y sus aliados la desestim\u00f3.<\/p>\n\n\n\n<p>Germ\u00e1n Mart\u00ednez, del Grupo Plural, expres\u00f3 una postura firme en contra de la medida, cuestionando las verdaderas intenciones detr\u00e1s de esta adici\u00f3n: \u201cNo pone en el centro a las v\u00edctimas, pone en el centro al Presidente y al poder [&#8230;]\u00bfA qui\u00e9n quieren perdonar?\u201d, increp\u00f3. Por otra parte, Dami\u00e1n Zepeda, del PAN, advirti\u00f3 sobre los riesgos de liberar a criminales sin un criterio claro y respeto a los delitos que actualmente est\u00e1n excluidos del alcance del indulto y agreg\u00f3 que esta reforma da el trato de \u201crey absoluto al Presidente, sin contrapesos, \u00e9l en s\u00ed mismo es la ley\u201d.<\/p>\n\n\n\n<p>A pesar de las cr\u00edticas, Ricardo Monreal de Morena defendi\u00f3 la reforma, destacando su objetivo de esclarecer casos importantes mediante la obtenci\u00f3n de informaci\u00f3n de individuos involucrados. Manifest\u00f3 que \u201cla verdad que los mexicanos merecemos y necesitamos es aquella que aclare los eventos ocurridos\u201d, aludiendo a sucesos importantes como los de Ayotzinapa, Allende, San Fernando o Tlatlaya. A\u00f1adi\u00f3 que para que se otorgue la amnist\u00eda, \u201ces imprescindible que se aporte informaci\u00f3n que pueda ser comprobada y verificada\u201d.<\/p>\n\n\n\n<p>REFUTAN PROPUESTA<\/p>\n\n\n\n<p>Esta posici\u00f3n fue refutada por senadores de la oposici\u00f3n como Lilly T\u00e9llez y Josefina V\u00e1zquez Mota, quienes acusaron a Morena de proteger intereses criminales y cuestionaron la ambig\u00fcedad en definir qu\u00e9 constituye un \u201ccaso relevante\u201d.<\/p>\n\n\n\n<p>Alejandra Reynoso, senadora del PAN, se\u00f1al\u00f3 que el criterio de oportunidad, base de esta reforma, deber\u00eda llevar a cuestionar la conveniencia de mantener su vigencia. Critic\u00f3 al oficialismo por disfrutar del poder de otorgar perdones, considerando que este enfoque distorsiona la finalidad de la ley.<\/p>\n\n\n\n<p>Por otro lado, la senadora independiente Claudia Ruiz Massieu acus\u00f3 a la reforma de camuflar como amnist\u00eda lo que en esencia ser\u00eda un indulto, describiendo la propuesta como indefendible y carente de dignidad. Estas palabras resaltan una profunda preocupaci\u00f3n por la desviaci\u00f3n de los principios de justicia y reparaci\u00f3n hacia las v\u00edctimas.<\/p>\n\n\n\n<p>Emilio \u00c1lvarez Icaza fue a\u00fan m\u00e1s lejos al acusar directamente al Presidente de la Rep\u00fablica de traicionar a las v\u00edctimas de delitos. Argument\u00f3 que la actitud gubernamental hacia la verdad y la justicia ha sido hip\u00f3crita, enfatizando que las v\u00edctimas han sido sistem\u00e1ticamente excluidas del acceso a la verdad. \u201cNo se hacen cargo de que son responsables por omisi\u00f3n y por acci\u00f3n, y al t\u00e9rmino del sexenio nos vienen con una propuesta que confunde amnist\u00eda con indulto\u201d, critic\u00f3 el senador.<\/p>\n\n\n\n<p>Este giro en la legislaci\u00f3n ha reavivado el debate sobre la justicia y el equilibrio de poderes en M\u00e9xico, poniendo en tela de juicio c\u00f3mo se deben manejar los procesos de amnist\u00eda y cu\u00e1les deben ser los l\u00edmites de la discrecionalidad ejecutiva en materia de justicia. La reforma ahora pasar\u00e1 a la C\u00e1mara de Diputados, donde se espera una discusi\u00f3n igualmente vigorosa.<\/p>\n\n\n\n<p>\u00bfQU\u00c9 ES?<\/p>\n\n\n\n<p>La iniciativa con proyecto de decreto por el que se adiciona un Art\u00edculo 9 a la Ley de Amnist\u00eda, presentada por el senador Ricardo Monreal, tiene el objetivo otorgar la facultad de otorgar amnist\u00eda de manera directa por parte del presidente de la Rep\u00fablica a personas que ofrezcan informaci\u00f3n \u00fatil para esclarecer casos relevantes para el Estado.<\/p>\n\n\n\n<p>El informador podr\u00e1 acceder al perd\u00f3n si est\u00e1 siendo procesado, haya sido sentenciado o se haya ejercido una acci\u00f3n penal en su contra por cualquier delito.<\/p>\n\n\n\n<p>El art\u00edculo agregado dice: \u201cPor determinaci\u00f3n exclusiva de la persona titular del Poder Ejecutivo Federal se podr\u00e1 otorgar el beneficio de la amnist\u00eda de manera directa, sin sujetarse al procedimiento establecido en este ordenamiento\u201d para las \u201cpersonas que aporten elementos comprobables que resulten \u00fatiles para conocer la verdad de los hechos en casos que sean relevantes para el Estado Mexicano\u201d.<\/p>\n\n\n\n<p>(Informaci\u00f3n de Infobae M\u00e9xico)<\/p>\n","protected":false},"excerpt":{"rendered":"<p>Redacci\u00f3n\/Zona Roja Cdmx. Ciudad de M\u00e9xico, a 18 de abril de 2024.- El Senado de&hellip;<\/p>\n","protected":false},"author":2,"featured_media":46068,"comment_status":"closed","ping_status":"open","sticky":false,"template":"","format":"standard","meta":{"_lmt_disableupdate":"","_lmt_disable":"","_jetpack_memberships_contains_paid_content":false,"footnotes":""},"categories":[109,47],"tags":[771],"class_list":["post-67455","post","type-post","status-publish","format-standard","has-post-thumbnail","hentry","category-minuto-a-minuto","category-zona-gris","tag-senado-de-la-republica"],"jetpack_featured_media_url":"https:\/\/zonaroja.com.mx\/wp-content\/uploads\/2022\/09\/Senado-sesion.webp","jetpack_sharing_enabled":true,"_links":{"self":[{"href":"https:\/\/zonaroja.com.mx\/index.php?rest_route=\/wp\/v2\/posts\/67455","targetHints":{"allow":["GET"]}}],"collection":[{"href":"https:\/\/zonaroja.com.mx\/index.php?rest_route=\/wp\/v2\/posts"}],"about":[{"href":"https:\/\/zonaroja.com.mx\/index.php?rest_route=\/wp\/v2\/types\/post"}],"author":[{"embeddable":true,"href":"https:\/\/zonaroja.com.mx\/index.php?rest_route=\/wp\/v2\/users\/2"}],"replies":[{"embeddable":true,"href":"https:\/\/zonaroja.com.mx\/index.php?rest_route=%2Fwp%2Fv2%2Fcomments&post=67455"}],"version-history":[{"count":1,"href":"https:\/\/zonaroja.com.mx\/index.php?rest_route=\/wp\/v2\/posts\/67455\/revisions"}],"predecessor-version":[{"id":67456,"href":"https:\/\/zonaroja.com.mx\/index.php?rest_route=\/wp\/v2\/posts\/67455\/revisions\/67456"}],"wp:featuredmedia":[{"embeddable":true,"href":"https:\/\/zonaroja.com.mx\/index.php?rest_route=\/wp\/v2\/media\/46068"}],"wp:attachment":[{"href":"https:\/\/zonaroja.com.mx\/index.php?rest_route=%2Fwp%2Fv2%2Fmedia&parent=67455"}],"wp:term":[{"taxonomy":"category","embeddable":true,"href":"https:\/\/zonaroja.com.mx\/index.php?rest_route=%2Fwp%2Fv2%2Fcategories&post=67455"},{"taxonomy":"post_tag","embeddable":true,"href":"https:\/\/zonaroja.com.mx\/index.php?rest_route=%2Fwp%2Fv2%2Ftags&post=67455"}],"curies":[{"name":"wp","href":"https:\/\/api.w.org\/{rel}","templated":true}]}}