{"id":67458,"date":"2024-04-18T16:26:46","date_gmt":"2024-04-18T21:26:46","guid":{"rendered":"http:\/\/www.zonaroja.com.mx\/?p=67458"},"modified":"2024-04-18T16:26:47","modified_gmt":"2024-04-18T21:26:47","slug":"desaparecen-presidenta-municipal-y-su-esposo-en-comunidad-de-oaxaca","status":"publish","type":"post","link":"https:\/\/zonaroja.com.mx\/?p=67458","title":{"rendered":"Desaparecen presidenta municipal y su esposo en comunidad de Oaxaca"},"content":{"rendered":"\n<p>Raymundo Morales\/Zona Roja.&nbsp;<\/p>\n\n\n\n<p>Oaxaca de Ju\u00e1rez, Oax. 18 de abril de 2024.- La presidenta municipal de San Jos\u00e9 Independencia, Agar Cancino G\u00f3mez, y su esposo, Alberto Antonio Garc\u00eda, se encuentran en calidad de desaparecidos desde ayer en la regi\u00f3n Cuenca de Oaxaca.<\/p>\n\n\n\n<p>La Fiscal\u00eda General del Estado de Oaxaca (FGEO) confirm\u00f3 el caso y en un comunicado dio a conocer que realiza las investigaciones especializadas luego de recibir la denuncia por la no localizaci\u00f3n.&nbsp;<\/p>\n\n\n\n<p>Detalla que, de acuerdo con la denuncia y la obtenci\u00f3n de los datos derivados de los resultados de las investigaciones iniciales, se estableci\u00f3 que ambas personas fueron vistos por \u00faltima vez durante la ma\u00f1ana del 17 de abril de 2024, cuando salieron del municipio de Loma Bonita, a bordo de un autom\u00f3vil, con rumbo a San Juan Bautista Tuxtepec.<\/p>\n\n\n\n<p>\u201cA partir de que la FGEO recibi\u00f3 la denuncia, de manera inmediata se iniciaron las indagatorias correspondientes a trav\u00e9s de la Vicefiscal\u00eda Regional de la Cuenca, por lo cual se gir\u00f3 oficio de investigaci\u00f3n a diferentes \u00e1reas especializadas para la b\u00fasqueda, localizaci\u00f3n y presentaci\u00f3n de las v\u00edctimas\u201d, indic\u00f3 la instituci\u00f3n en su comunicado de prensa.<\/p>\n\n\n\n<p>Sin precisar lugares, por la reserva del caso, ya cuenta con las rutas y sitios donde estuvo la pareja, \u201cgracias a las cuales se lograron establecer s\u00f3lidas l\u00edneas de investigaci\u00f3n que conduzcan a la localizaci\u00f3n de las v\u00edctimas\u201d.<\/p>\n\n\n\n<p>En redes sociales se ha difundido que la pareja habr\u00eda sido secuestrada ayer y que hoy por la ma\u00f1ana estaban pidiendo una cuantiosa cantidad de dinero por su rescate.<\/p>\n","protected":false},"excerpt":{"rendered":"<p>Raymundo Morales\/Zona Roja.&nbsp; Oaxaca de Ju\u00e1rez, Oax. 18 de abril de 2024.- La presidenta municipal&hellip;<\/p>\n","protected":false},"author":2,"featured_media":22863,"comment_status":"closed","ping_status":"open","sticky":false,"template":"","format":"standard","meta":{"_lmt_disableupdate":"","_lmt_disable":"","_jetpack_memberships_contains_paid_content":false,"footnotes":""},"categories":[109,47],"tags":[2402],"class_list":["post-67458","post","type-post","status-publish","format-standard","has-post-thumbnail","hentry","category-minuto-a-minuto","category-zona-gris","tag-san-jose-independencia"],"jetpack_featured_media_url":"https:\/\/zonaroja.com.mx\/wp-content\/uploads\/2021\/01\/San-Jose-Independencia.jpg","jetpack_sharing_enabled":true,"_links":{"self":[{"href":"https:\/\/zonaroja.com.mx\/index.php?rest_route=\/wp\/v2\/posts\/67458","targetHints":{"allow":["GET"]}}],"collection":[{"href":"https:\/\/zonaroja.com.mx\/index.php?rest_route=\/wp\/v2\/posts"}],"about":[{"href":"https:\/\/zonaroja.com.mx\/index.php?rest_route=\/wp\/v2\/types\/post"}],"author":[{"embeddable":true,"href":"https:\/\/zonaroja.com.mx\/index.php?rest_route=\/wp\/v2\/users\/2"}],"replies":[{"embeddable":true,"href":"https:\/\/zonaroja.com.mx\/index.php?rest_route=%2Fwp%2Fv2%2Fcomments&post=67458"}],"version-history":[{"count":1,"href":"https:\/\/zonaroja.com.mx\/index.php?rest_route=\/wp\/v2\/posts\/67458\/revisions"}],"predecessor-version":[{"id":67459,"href":"https:\/\/zonaroja.com.mx\/index.php?rest_route=\/wp\/v2\/posts\/67458\/revisions\/67459"}],"wp:featuredmedia":[{"embeddable":true,"href":"https:\/\/zonaroja.com.mx\/index.php?rest_route=\/wp\/v2\/media\/22863"}],"wp:attachment":[{"href":"https:\/\/zonaroja.com.mx\/index.php?rest_route=%2Fwp%2Fv2%2Fmedia&parent=67458"}],"wp:term":[{"taxonomy":"category","embeddable":true,"href":"https:\/\/zonaroja.com.mx\/index.php?rest_route=%2Fwp%2Fv2%2Fcategories&post=67458"},{"taxonomy":"post_tag","embeddable":true,"href":"https:\/\/zonaroja.com.mx\/index.php?rest_route=%2Fwp%2Fv2%2Ftags&post=67458"}],"curies":[{"name":"wp","href":"https:\/\/api.w.org\/{rel}","templated":true}]}}