{"id":6746,"date":"2019-12-17T20:29:46","date_gmt":"2019-12-18T02:29:46","guid":{"rendered":"http:\/\/www.zonaroja.com.mx\/?p=6746"},"modified":"2019-12-17T20:30:40","modified_gmt":"2019-12-18T02:30:40","slug":"alienta-fiscalia-general-impunidad-y-busca-dar-carpetazo-al-caso-maria-del-sol","status":"publish","type":"post","link":"https:\/\/zonaroja.com.mx\/?p=6746","title":{"rendered":"Alienta Fiscal\u00eda General impunidad y busca dar \u201ccarpetazo\u201d al caso Mar\u00eda del Sol"},"content":{"rendered":"\n<p>Ismael Garc\u00eda M.\/Zona Roja.<\/p>\n\n\n\n<p>Oaxaca de Ju\u00e1rez, Oax., 17 de diciembre\nde 2019.- Con dilaciones, la Fiscal\u00eda General del Estado de Oaxaca pretende dar\n\u201ccarpetazo\u201d al triple homicidio ocurrido en Juchit\u00e1n de Zaragoza el 2 de junio\nde 2018, entre ellos el de la fotoperiodista Mar\u00eda del Sol Cruz Jarqu\u00edn.<\/p>\n\n\n\n<p>As\u00ed lo denunci\u00f3 la periodista Soledad\nJarqu\u00edn \u00c9dgar, madre de esta \u00faltima v\u00edctima, a trav\u00e9s de las redes sociales:<\/p>\n\n\n\n<p>\u201cOmisa, la Fiscal\u00eda de Oaxaca NO formul\u00f3\nacusaci\u00f3n en contra de JEHC (Jos\u00e9 Eduardo) imputado en el triple asesinato del\n2 de junio de 2018, por lo que podr\u00eda causar sobreseimiento la causa penal y\nquedar en la impunidad el crimen de Mar\u00eda del Sol, Pamela Ter\u00e1n y Adelfo\nJim\u00e9nez\u201d.<\/p>\n\n\n\n<p>Lo anterior, con base en el aviso de la Juez de Control del Distrito Judicial de Juchit\u00e1n, Lili Bel\u00e9n P\u00e9rez Hern\u00e1ndez, que dirigi\u00f3 a la Fiscal\u00eda General del Estado.<\/p>\n\n\n\n<figure class=\"wp-block-image\"><img decoding=\"async\" width=\"543\" height=\"543\" src=\"http:\/\/www.zonaroja.com.mx\/wp-content\/uploads\/2019\/12\/Caso-Mar\u00eda-del-Sol-2.jpg\" alt=\"\" class=\"wp-image-6747\" srcset=\"https:\/\/zonaroja.com.mx\/wp-content\/uploads\/2019\/12\/Caso-Mar\u00eda-del-Sol-2.jpg 543w, https:\/\/zonaroja.com.mx\/wp-content\/uploads\/2019\/12\/Caso-Mar\u00eda-del-Sol-2-150x150.jpg 150w, https:\/\/zonaroja.com.mx\/wp-content\/uploads\/2019\/12\/Caso-Mar\u00eda-del-Sol-2-300x300.jpg 300w\" sizes=\"(max-width: 543px) 100vw, 543px\" \/><\/figure>\n\n\n\n<p>\u201cVisto el estado que guarda la presente\ncausa penal, de la cual se advierte que ha transcurrido con exceso el plazo\nlegal concedido al acusador oficial (la Fiscal\u00eda) para promover conforme a lo\nque establece el art\u00edculo 324 del C\u00f3digo Nacional de Procedimientos Penales.<\/p>\n\n\n\n<p>\u201cDe ah\u00ed que, ante la omisi\u00f3n del\ncumplimiento a su obligaci\u00f3n de hacerlo, se ordena hacer del conocimiento al\nvicefiscal de esta regi\u00f3n (Istmo de Tehuantepec) mediante oficio, con la\nfinalidad que en el plazo de quince d\u00edas, contados a partir de que reciba el\ndocumento correspondiente, se pronuncie al respecto.<\/p>\n\n\n\n<p>\u201cCon el apercibimiento que para el caso de no hacerlo se ordenar\u00e1 el sobreseimiento de la presente causa penal\u201d.<\/p>\n\n\n\n<figure class=\"wp-block-embed-twitter wp-block-embed is-type-rich is-provider-twitter\"><div class=\"wp-block-embed__wrapper\">\n<div class=\"twitter-tweet\"><blockquote class=\"twitter-tweet\" data-lang=\"es\"><p lang=\"es\" dir=\"ltr\">Omisa <a href=\"https:\/\/twitter.com\/hashtag\/Fiscal%C3%ADaOaxaca?src=hash&amp;ref_src=twsrc%5Etfw\">#Fiscal\u00edaOaxaca<\/a> NO formul\u00f3 la formal acusaci\u00f3n en contra de JEHC imputado en el triple asesinato del 2 de junio de 2018, por lo que podr\u00eda causar sobreseimiento la causa penal y quedar en la impunidad el crimen de Mar\u00eda del Sol, Pamela Ter\u00e1n y Adelfo Jim\u00e9nez<\/p>&mdash; Soledad Jarqu\u00edn (@jarquinedgar) <a href=\"https:\/\/twitter.com\/jarquinedgar\/status\/1206956445922672644?ref_src=twsrc%5Etfw\">17 de diciembre de 2019<\/a><\/blockquote><\/div>\n<\/div><\/figure>\n\n\n\n<p>Seg\u00fan la periodista, la Fiscal\u00eda\nGeneral ha sido omisa para aportar m\u00e1s elementos de prueba y continuar la\naudiencia intermedia, a fin de robustecer la acusaci\u00f3n en contra de Jos\u00e9\nEduardo, detenido el 2 de junio de 2019 y acusado de participar en el triple\nhomicidio; actualmente se encuentra vinculado a proceso y en prisi\u00f3n\npreventiva.<\/p>\n\n\n\n<p>En tanto, el otro imputado, Jeh\u00fa G. L.,\nfue puesto en libertad debido a errores y negligencias por parte del Ministerio\nP\u00fablico de la instituci\u00f3n responsable de procurar justicia.<\/p>\n\n\n\n<p>El caso cumple 16 meses y contin\u00faa\nimpune, debido al deficiente trabajo de la Fiscal\u00eda General del Estado, que\nencabeza Rub\u00e9n Vasconcelos M\u00e9ndez.<\/p>\n","protected":false},"excerpt":{"rendered":"<p>Ismael Garc\u00eda M.\/Zona Roja. Oaxaca de Ju\u00e1rez, Oax., 17 de diciembre de 2019.- Con dilaciones,&hellip;<\/p>\n","protected":false},"author":2,"featured_media":6748,"comment_status":"closed","ping_status":"open","sticky":false,"template":"","format":"standard","meta":{"_lmt_disableupdate":"","_lmt_disable":"","_jetpack_memberships_contains_paid_content":false,"footnotes":""},"categories":[109,47],"tags":[1059,1150],"class_list":["post-6746","post","type-post","status-publish","format-standard","has-post-thumbnail","hentry","category-minuto-a-minuto","category-zona-gris","tag-maria-del-sol-cruz-jarquin","tag-triple-homicidio-juchitan"],"jetpack_featured_media_url":"https:\/\/zonaroja.com.mx\/wp-content\/uploads\/2019\/12\/Caso-Mar\u00eda-del-Sol-1.jpg","jetpack_sharing_enabled":true,"_links":{"self":[{"href":"https:\/\/zonaroja.com.mx\/index.php?rest_route=\/wp\/v2\/posts\/6746","targetHints":{"allow":["GET"]}}],"collection":[{"href":"https:\/\/zonaroja.com.mx\/index.php?rest_route=\/wp\/v2\/posts"}],"about":[{"href":"https:\/\/zonaroja.com.mx\/index.php?rest_route=\/wp\/v2\/types\/post"}],"author":[{"embeddable":true,"href":"https:\/\/zonaroja.com.mx\/index.php?rest_route=\/wp\/v2\/users\/2"}],"replies":[{"embeddable":true,"href":"https:\/\/zonaroja.com.mx\/index.php?rest_route=%2Fwp%2Fv2%2Fcomments&post=6746"}],"version-history":[{"count":1,"href":"https:\/\/zonaroja.com.mx\/index.php?rest_route=\/wp\/v2\/posts\/6746\/revisions"}],"predecessor-version":[{"id":6749,"href":"https:\/\/zonaroja.com.mx\/index.php?rest_route=\/wp\/v2\/posts\/6746\/revisions\/6749"}],"wp:featuredmedia":[{"embeddable":true,"href":"https:\/\/zonaroja.com.mx\/index.php?rest_route=\/wp\/v2\/media\/6748"}],"wp:attachment":[{"href":"https:\/\/zonaroja.com.mx\/index.php?rest_route=%2Fwp%2Fv2%2Fmedia&parent=6746"}],"wp:term":[{"taxonomy":"category","embeddable":true,"href":"https:\/\/zonaroja.com.mx\/index.php?rest_route=%2Fwp%2Fv2%2Fcategories&post=6746"},{"taxonomy":"post_tag","embeddable":true,"href":"https:\/\/zonaroja.com.mx\/index.php?rest_route=%2Fwp%2Fv2%2Ftags&post=6746"}],"curies":[{"name":"wp","href":"https:\/\/api.w.org\/{rel}","templated":true}]}}