{"id":67460,"date":"2024-04-18T16:51:15","date_gmt":"2024-04-18T21:51:15","guid":{"rendered":"http:\/\/www.zonaroja.com.mx\/?p=67460"},"modified":"2024-04-18T16:51:16","modified_gmt":"2024-04-18T21:51:16","slug":"presidenta-suspendida-del-ieepco-denuncia-persecucion-politica-y-penal","status":"publish","type":"post","link":"https:\/\/zonaroja.com.mx\/?p=67460","title":{"rendered":"Presidenta suspendida del IEEPCO denuncia persecuci\u00f3n pol\u00edtica y penal"},"content":{"rendered":"\n<p>Ismael Garc\u00eda M.\/Zona Roja.<\/p>\n\n\n\n<p>Oaxaca de Ju\u00e1rez, Oax., a 18 de abril de 2024.- Tras reiterar que la determinaci\u00f3n del Tribunal de Justicia Administrativa es ilegal y una afrenta al Estado de Derecho, la presidenta del IEEPCO suspendida ayer del cargo, Elizabeth S\u00e1nchez Gonz\u00e1lez, denunci\u00f3 que se trata de una persecuci\u00f3n pol\u00edtica y pretenden derivarla ahora en un caso penal.<\/p>\n\n\n\n<p>\u201cHoy en d\u00eda, los procedimientos han transitado de lo administrativo a lo penal en una clara utilizaci\u00f3n pol\u00edtica de las instancias judiciales, incurriendo incluso en hostigamiento, ya que el d\u00eda 16 de abril el Juez de Control de Tanivet libr\u00f3 una orden de comparecencia y ese mismo d\u00eda a la medianoche acudieron a mi domicilio a tratar de notificarme un citatorio judicial, con la clara intenci\u00f3n de amedrentarme.&nbsp;<\/p>\n\n\n\n<p>\u201cPor lo que desde este momento denuncio la intenci\u00f3n evidente de privarme arbitrariamente de mi libertad\u201d, expuso en un comunicado emitido este jueves.<\/p>\n\n\n\n<p>Recrimin\u00f3 la actuaci\u00f3n del Tribunal de Justicia Administrativa por decretar su inhabilitaci\u00f3n hasta por un a\u00f1o del cargo y, aunado a ello, impuso efectos inmediatos a su sentencia, \u201cvulnerando la normatividad propia y mi derecho a la defensa\u201d.<\/p>\n\n\n\n<p>Detall\u00f3 que s\u00f3lo el Instituto Nacional Electoral tiene la atribuci\u00f3n de remover a las consejer\u00edas y la raz\u00f3n de este criterio es precisamente evitar la intromisi\u00f3n de poderes f\u00e1cticos que vulneren la autonom\u00eda e independencia de los Institutos Electorales Locales.&nbsp;<\/p>\n\n\n\n<p>\u201cPor ello, la sentencia del Tribunal tambi\u00e9n atenta de forma flagrante contra mis derechos civiles, pol\u00edticos y laborales a ejercer el cargo en el que fui designada\u201d.<\/p>\n\n\n\n<p>Y se\u00f1al\u00f3 de manera directa al responsable de promover los se\u00f1alamientos en su contra:<\/p>\n\n\n\n<p>\u201cLa sanci\u00f3n se enmarca en una persecuci\u00f3n pol\u00edtica y administrativa que inici\u00f3 en mi contra el encargado de despacho de la Contralor\u00eda General del IEEPCO, Salvador Alejandro Cruz Rodr\u00edguez, a quien los intereses econ\u00f3micos le nublaron la vista y dedic\u00f3 todo el 2023 y lo que va de este a\u00f1o para presionarme en la toma de decisiones administrativas, y denostar mi imagen y mi desempe\u00f1o en el cargo.&nbsp;<\/p>\n\n\n\n<p>\u201cHa iniciado auditor\u00edas y procesos administrativos de asedio contra mi equipo de trabajo administrativo, sobre todo, contra mujeres, actos que, durante la presidencia anterior, encabezada por un hombre, nunca tuvieron lugar.<\/p>\n\n\n\n<p>\u201cHablamos de un Encargado de Despacho, designado por una Comisi\u00f3n del Congreso estatal sin facultades para realizar ese nombramiento, por lo que todos sus actos son ajenos a la legalidad.&nbsp;<\/p>\n\n\n\n<p>\u201cNo es fortuito que el Congreso del Estado haya emitido recientemente una convocatoria para designar, ahora s\u00ed, legalmente, a la persona que ocupar\u00e1 la Contralor\u00eda General.<\/p>\n\n\n\n<p>\u201cEl encargado de la contralor\u00eda extralimit\u00f3 sus funciones, de ello ya ha quedado constancia en la resoluci\u00f3n de octubre de 2023 de la Sala Superior del Tribunal Electoral del Poder Judicial de la Federaci\u00f3n que me reinstal\u00f3 de forma inmediata porque en efecto, la \u00fanica instituci\u00f3n que puede remover a una consejer\u00eda es el INE\u201d.<\/p>\n\n\n\n<p>Elizabeth S\u00e1nchez reiter\u00f3 que son falsos los se\u00f1alamientos en su contra y que agotar\u00e1 todas las instancias legales internas, y de ser necesario, recurrir\u00e1 a las instancias internacionales para limpiar su imagen.<\/p>\n\n\n\n<p>\u201cNo permitir\u00e9, por ning\u00fan motivo, que mi caso se convierta en el ejemplo de lo que les puede pasar a las mujeres que no son condescendientes con un sistema racista, clasista, machista, mis\u00f3gino y patriarcal al interior de las instituciones y de los gobiernos, ni a las formas tradicionales de ejercer un cargo o presidir una instituci\u00f3n.<\/p>\n\n\n\n<p>\u201cReitero que dar\u00e9 la batalla en los tribunales hasta limpiar mi nombre y mi prestigio, y para generar un precedente que ayude a que ninguna mujer tenga miedo a sufrir esta persecuci\u00f3n por miedo a atreverse a ser titular de un \u00f3rgano aut\u00f3nomo del Estado o a ejercer cualquier alg\u00fan cargo p\u00fablico\u201d.<\/p>\n","protected":false},"excerpt":{"rendered":"<p>Ismael Garc\u00eda M.\/Zona Roja. Oaxaca de Ju\u00e1rez, Oax., a 18 de abril de 2024.- Tras&hellip;<\/p>\n","protected":false},"author":2,"featured_media":33345,"comment_status":"closed","ping_status":"open","sticky":false,"template":"","format":"standard","meta":{"_lmt_disableupdate":"","_lmt_disable":"","_jetpack_memberships_contains_paid_content":false,"footnotes":""},"categories":[109,46],"tags":[2924],"class_list":["post-67460","post","type-post","status-publish","format-standard","has-post-thumbnail","hentry","category-minuto-a-minuto","category-zona-blanca","tag-elizabeth-sanchez-gonzalez"],"jetpack_featured_media_url":"https:\/\/zonaroja.com.mx\/wp-content\/uploads\/2021\/10\/Elizabeth-Sanchez-Gonzalez.jpg","jetpack_sharing_enabled":true,"_links":{"self":[{"href":"https:\/\/zonaroja.com.mx\/index.php?rest_route=\/wp\/v2\/posts\/67460","targetHints":{"allow":["GET"]}}],"collection":[{"href":"https:\/\/zonaroja.com.mx\/index.php?rest_route=\/wp\/v2\/posts"}],"about":[{"href":"https:\/\/zonaroja.com.mx\/index.php?rest_route=\/wp\/v2\/types\/post"}],"author":[{"embeddable":true,"href":"https:\/\/zonaroja.com.mx\/index.php?rest_route=\/wp\/v2\/users\/2"}],"replies":[{"embeddable":true,"href":"https:\/\/zonaroja.com.mx\/index.php?rest_route=%2Fwp%2Fv2%2Fcomments&post=67460"}],"version-history":[{"count":1,"href":"https:\/\/zonaroja.com.mx\/index.php?rest_route=\/wp\/v2\/posts\/67460\/revisions"}],"predecessor-version":[{"id":67461,"href":"https:\/\/zonaroja.com.mx\/index.php?rest_route=\/wp\/v2\/posts\/67460\/revisions\/67461"}],"wp:featuredmedia":[{"embeddable":true,"href":"https:\/\/zonaroja.com.mx\/index.php?rest_route=\/wp\/v2\/media\/33345"}],"wp:attachment":[{"href":"https:\/\/zonaroja.com.mx\/index.php?rest_route=%2Fwp%2Fv2%2Fmedia&parent=67460"}],"wp:term":[{"taxonomy":"category","embeddable":true,"href":"https:\/\/zonaroja.com.mx\/index.php?rest_route=%2Fwp%2Fv2%2Fcategories&post=67460"},{"taxonomy":"post_tag","embeddable":true,"href":"https:\/\/zonaroja.com.mx\/index.php?rest_route=%2Fwp%2Fv2%2Ftags&post=67460"}],"curies":[{"name":"wp","href":"https:\/\/api.w.org\/{rel}","templated":true}]}}